{"id":335562,"date":"2024-08-08T17:31:13","date_gmt":"2024-08-08T14:31:13","guid":{"rendered":"https:\/\/sana.sy\/es\/?p=335562"},"modified":"2024-08-08T17:31:13","modified_gmt":"2024-08-08T14:31:13","slug":"fuerzas-iraquies-inician-amplias-operaciones-de-seguridad-preventivas-en-el-oeste-del-pais","status":"publish","type":"post","link":"https:\/\/archive.sana.sy\/es\/?p=335562","title":{"rendered":"Fuerzas iraqu\u00edes inician amplias operaciones de seguridad preventivas en el oeste del pa\u00eds"},"content":{"rendered":"<p style=\"text-align: justify;\"><span style=\"color: #800000;\"><strong>Bagdad, 08 ago (SANA)\u00a0 <\/strong><\/span>El Comando de Operaciones Conjuntas de Iraq anunci\u00f3 hoy el inicio de amplias operaciones de seguridad preventivas en todo el desierto de las regiones occidentales del pa\u00eds.<\/p>\n<p style=\"text-align: justify;\">\u201cEn las referidas operaciones participan todas las fuerzas de seguridad de todos los tipos y especializaciones, con el apoyo de la aviaci\u00f3n del ej\u00e9rcito y las fuerzas armadas\u201d, declar\u00f3 la referida entidad, inform\u00f3 la agencia de noticias iraqu\u00ed INA.<\/p>\n<p style=\"text-align: justify;\">Indic\u00f3 que las operaciones tienen como objetivo perseguir a los remanentes de terroristas y prevenir cualquier operaci\u00f3n de infiltraci\u00f3n, adem\u00e1s de organizar una coordinaci\u00f3n de alto nivel entre todas las unidades para proteger objetivos vitales y enfrentar cualquier intento terrorista.<\/p>\n<p style=\"text-align: justify;\">sm<\/p>\n","protected":false},"excerpt":{"rendered":"<p>Bagdad, 08 ago (SANA)\u00a0 El Comando de Operaciones Conjuntas de Iraq anunci\u00f3 hoy el inicio de amplias operaciones de seguridad preventivas en todo el desierto de las regiones occidentales del pa\u00eds. \u201cEn las referidas operaciones participan todas las fuerzas de seguridad de todos los tipos y especializaciones, con el apoyo de la aviaci\u00f3n del ej\u00e9rcito &hellip;<\/p>\n","protected":false},"author":39,"featured_media":335563,"comment_status":"closed","ping_status":"closed","sticky":false,"template":"","format":"standard","meta":{"footnotes":""},"categories":[597,456,16687,20724,7541],"tags":[],"class_list":["post-335562","post","type-post","status-publish","format-standard","has-post-thumbnail","","category-cinta-de-noticias","category-arabe-internacional-politica","category-internacionales","category-minuto-a-minuto","category-ultimas-noticias"],"_links":{"self":[{"href":"https:\/\/archive.sana.sy\/es\/index.php?rest_route=\/wp\/v2\/posts\/335562"}],"collection":[{"href":"https:\/\/archive.sana.sy\/es\/index.php?rest_route=\/wp\/v2\/posts"}],"about":[{"href":"https:\/\/archive.sana.sy\/es\/index.php?rest_route=\/wp\/v2\/types\/post"}],"author":[{"embeddable":true,"href":"https:\/\/archive.sana.sy\/es\/index.php?rest_route=\/wp\/v2\/users\/39"}],"replies":[{"embeddable":true,"href":"https:\/\/archive.sana.sy\/es\/index.php?rest_route=%2Fwp%2Fv2%2Fcomments&post=335562"}],"version-history":[{"count":1,"href":"https:\/\/archive.sana.sy\/es\/index.php?rest_route=\/wp\/v2\/posts\/335562\/revisions"}],"predecessor-version":[{"id":335564,"href":"https:\/\/archive.sana.sy\/es\/index.php?rest_route=\/wp\/v2\/posts\/335562\/revisions\/335564"}],"wp:featuredmedia":[{"embeddable":true,"href":"https:\/\/archive.sana.sy\/es\/index.php?rest_route=\/wp\/v2\/media\/335563"}],"wp:attachment":[{"href":"https:\/\/archive.sana.sy\/es\/index.php?rest_route=%2Fwp%2Fv2%2Fmedia&parent=335562"}],"wp:term":[{"taxonomy":"category","embeddable":true,"href":"https:\/\/archive.sana.sy\/es\/index.php?rest_route=%2Fwp%2Fv2%2Fcategories&post=335562"},{"taxonomy":"post_tag","embeddable":true,"href":"https:\/\/archive.sana.sy\/es\/index.php?rest_route=%2Fwp%2Fv2%2Ftags&post=335562"}],"curies":[{"name":"wp","href":"https:\/\/api.w.org\/{rel}","templated":true}]}}