{"id":335565,"date":"2024-08-08T18:01:47","date_gmt":"2024-08-08T15:01:47","guid":{"rendered":"https:\/\/sana.sy\/es\/?p=335565"},"modified":"2024-08-08T19:27:08","modified_gmt":"2024-08-08T16:27:08","slug":"comienza-en-siria-la-conferencia-al-wadi-para-medicos-sirios-en-el-pais-y-en-el-extranjero-fotos","status":"publish","type":"post","link":"https:\/\/archive.sana.sy\/es\/?p=335565","title":{"rendered":"Comienza en Siria la Conferencia \u201cAl-Wadi\u201d para m\u00e9dicos sirios en el pa\u00eds y en el extranjero (+fotos)"},"content":{"rendered":"<p style=\"text-align: justify;\"><span style=\"color: #800000;\"><strong>Homs, 08 ago (SANA)<\/strong><\/span> las actividades de la Conferencia Al-Wadi para m\u00e9dicos sirios en el pa\u00eds y en el extranjero comenzaron hoy con la participaci\u00f3n de m\u00e9dicos de diversas especialidades residentes en varios pa\u00edses como Siria, Estados Unidos, Francia, Gran Breta\u00f1a, Espa\u00f1a y Alemania.<\/p>\n<p style=\"text-align: justify;\">La conferencia se desarrolla en la sede de la Universidad privada Internacional de al-Wadi en la provincia central de Homs.<\/p>\n<p style=\"text-align: justify;\"><img loading=\"lazy\" decoding=\"async\" class=\"size-full wp-image-335567 alignright\" src=\"http:\/\/sana.sy\/es\/wp-content\/uploads\/2024\/08\/Comienza-en-Siria-la-Conferencia-Al-Wadi-para-medicos-sirios-en-el-pais-y-en-el-extranjero-1.jpeg\" alt=\"\" width=\"300\" height=\"200\" srcset=\"https:\/\/archive.sana.sy\/es\/wp-content\/uploads\/2024\/08\/Comienza-en-Siria-la-Conferencia-Al-Wadi-para-medicos-sirios-en-el-pais-y-en-el-extranjero-1.jpeg 300w, https:\/\/archive.sana.sy\/es\/wp-content\/uploads\/2024\/08\/Comienza-en-Siria-la-Conferencia-Al-Wadi-para-medicos-sirios-en-el-pais-y-en-el-extranjero-1-150x100.jpeg 150w\" sizes=\"(max-width: 300px) 100vw, 300px\" \/>El ministro de Educaci\u00f3n Superior e Investigaci\u00f3n Cient\u00edfica, Bassam Ibrahim, destac\u00f3 la importancia de la amplia participaci\u00f3n de m\u00e9dicos de Siria y pa\u00edses de la di\u00e1spora en esta importante conferencia m\u00e9dica cient\u00edfica y el intercambio de conocimientos y nuevas investigaciones m\u00e9dicas te\u00f3ricas y su aplicaci\u00f3n.<\/p>\n<p style=\"text-align: justify;\">Asimismo, se\u00f1al\u00f3 el rol de las universidades en la celebraci\u00f3n de congresos tan distinguidos que contribuyan al desarrollo de la investigaci\u00f3n cient\u00edfica y sus resultados.<\/p>\n<p style=\"text-align: justify;\">El titular sirio indic\u00f3 que el Ministerio est\u00e1 trabajando para elevar la calidad de la educaci\u00f3n y las condiciones para la investigaci\u00f3n cient\u00edfica, desarrollar capacidades creativas y graduar con competencias distinguidas que sean compatibles con las necesidades del mercado laboral y el desarrollo econ\u00f3mico y social.<\/p>\n<p style=\"text-align: justify;\"><img loading=\"lazy\" decoding=\"async\" class=\"size-full wp-image-335568 alignright\" src=\"http:\/\/sana.sy\/es\/wp-content\/uploads\/2024\/08\/Comienza-en-Siria-la-Conferencia-Al-Wadi-para-medicos-sirios-en-el-pais-y-en-el-extranjero-2.jpeg\" alt=\"\" width=\"300\" height=\"200\" srcset=\"https:\/\/archive.sana.sy\/es\/wp-content\/uploads\/2024\/08\/Comienza-en-Siria-la-Conferencia-Al-Wadi-para-medicos-sirios-en-el-pais-y-en-el-extranjero-2.jpeg 300w, https:\/\/archive.sana.sy\/es\/wp-content\/uploads\/2024\/08\/Comienza-en-Siria-la-Conferencia-Al-Wadi-para-medicos-sirios-en-el-pais-y-en-el-extranjero-2-150x100.jpeg 150w\" sizes=\"(max-width: 300px) 100vw, 300px\" \/>El rector de la Universidad de al-Wadi, Shafiq Basil, afirm\u00f3 que el referido evento constituye una oportunidad \u00a0para intercambiar conocimientos, experiencias, informaci\u00f3n y avances m\u00e9dicos en el mundo, ya sea presencial o virtualmente, y explic\u00f3 que la conferencia abord\u00f3 por primera vez la inteligencia artificial en las pr\u00e1cticas m\u00e9dicas y terap\u00e9uticas, adem\u00e1s de muchas otras especialidades.<\/p>\n<p style=\"text-align: justify;\">En su discurso, en nombre de los expatriados, el m\u00e9dico Hassan Salloum proveniente de Estados Unidos expres\u00f3 la importancia del congreso, que se ha convertido en una tradici\u00f3n cient\u00edfica anual esperada por los m\u00e9dicos para mejorar el conocimiento cient\u00edfico y social e intercambiar experiencias m\u00e9dicas, cada uno en su especialidad,<\/p>\n<p style=\"text-align: justify;\">destac\u00f3 la excelencia de m\u00e9dicos sirios dentro de la patria y en los pa\u00edses de la di\u00e1spora.<\/p>\n<div id='gallery-1' class='gallery galleryid-335565 gallery-columns-1 gallery-size-full'><figure class='gallery-item'>\n\t\t\t<div class='gallery-icon landscape'>\n\t\t\t\t<a href='https:\/\/archive.sana.sy\/es\/?attachment_id=335587'><img loading=\"lazy\" decoding=\"async\" width=\"660\" height=\"413\" src=\"https:\/\/archive.sana.sy\/es\/wp-content\/uploads\/2024\/08\/8-1.jpg\" class=\"attachment-full size-full\" alt=\"\" srcset=\"https:\/\/archive.sana.sy\/es\/wp-content\/uploads\/2024\/08\/8-1.jpg 660w, https:\/\/archive.sana.sy\/es\/wp-content\/uploads\/2024\/08\/8-1-300x188.jpg 300w, https:\/\/archive.sana.sy\/es\/wp-content\/uploads\/2024\/08\/8-1-150x94.jpg 150w\" sizes=\"(max-width: 660px) 100vw, 660px\" \/><\/a>\n\t\t\t<\/div><\/figure><figure class='gallery-item'>\n\t\t\t<div class='gallery-icon landscape'>\n\t\t\t\t<a href='https:\/\/archive.sana.sy\/es\/?attachment_id=335589'><img loading=\"lazy\" decoding=\"async\" width=\"660\" height=\"440\" src=\"https:\/\/archive.sana.sy\/es\/wp-content\/uploads\/2024\/08\/Comienza-en-Siria-la-Conferencia-Al-Wadi-para-medicos-sirios-en-el-pais-y-en-el-extranjero3-1.jpeg\" class=\"attachment-full size-full\" alt=\"\" srcset=\"https:\/\/archive.sana.sy\/es\/wp-content\/uploads\/2024\/08\/Comienza-en-Siria-la-Conferencia-Al-Wadi-para-medicos-sirios-en-el-pais-y-en-el-extranjero3-1.jpeg 660w, https:\/\/archive.sana.sy\/es\/wp-content\/uploads\/2024\/08\/Comienza-en-Siria-la-Conferencia-Al-Wadi-para-medicos-sirios-en-el-pais-y-en-el-extranjero3-1-300x200.jpeg 300w, https:\/\/archive.sana.sy\/es\/wp-content\/uploads\/2024\/08\/Comienza-en-Siria-la-Conferencia-Al-Wadi-para-medicos-sirios-en-el-pais-y-en-el-extranjero3-1-150x100.jpeg 150w\" sizes=\"(max-width: 660px) 100vw, 660px\" \/><\/a>\n\t\t\t<\/div><\/figure><figure class='gallery-item'>\n\t\t\t<div class='gallery-icon landscape'>\n\t\t\t\t<a href='https:\/\/archive.sana.sy\/es\/?attachment_id=335590'><img loading=\"lazy\" decoding=\"async\" width=\"660\" height=\"440\" src=\"https:\/\/archive.sana.sy\/es\/wp-content\/uploads\/2024\/08\/Comienza-en-Siria-la-Conferencia-Al-Wadi-para-medicos-sirios-en-el-pais-y-en-el-extranjero4-1.jpeg\" class=\"attachment-full size-full\" alt=\"\" srcset=\"https:\/\/archive.sana.sy\/es\/wp-content\/uploads\/2024\/08\/Comienza-en-Siria-la-Conferencia-Al-Wadi-para-medicos-sirios-en-el-pais-y-en-el-extranjero4-1.jpeg 660w, https:\/\/archive.sana.sy\/es\/wp-content\/uploads\/2024\/08\/Comienza-en-Siria-la-Conferencia-Al-Wadi-para-medicos-sirios-en-el-pais-y-en-el-extranjero4-1-300x200.jpeg 300w, https:\/\/archive.sana.sy\/es\/wp-content\/uploads\/2024\/08\/Comienza-en-Siria-la-Conferencia-Al-Wadi-para-medicos-sirios-en-el-pais-y-en-el-extranjero4-1-150x100.jpeg 150w\" sizes=\"(max-width: 660px) 100vw, 660px\" \/><\/a>\n\t\t\t<\/div><\/figure><figure class='gallery-item'>\n\t\t\t<div class='gallery-icon landscape'>\n\t\t\t\t<a href='https:\/\/archive.sana.sy\/es\/?attachment_id=335580'><img loading=\"lazy\" decoding=\"async\" width=\"660\" height=\"440\" src=\"https:\/\/archive.sana.sy\/es\/wp-content\/uploads\/2024\/08\/1-1.jpg\" class=\"attachment-full size-full\" alt=\"\" srcset=\"https:\/\/archive.sana.sy\/es\/wp-content\/uploads\/2024\/08\/1-1.jpg 660w, https:\/\/archive.sana.sy\/es\/wp-content\/uploads\/2024\/08\/1-1-300x200.jpg 300w, https:\/\/archive.sana.sy\/es\/wp-content\/uploads\/2024\/08\/1-1-150x100.jpg 150w\" sizes=\"(max-width: 660px) 100vw, 660px\" \/><\/a>\n\t\t\t<\/div><\/figure><figure class='gallery-item'>\n\t\t\t<div class='gallery-icon landscape'>\n\t\t\t\t<a href='https:\/\/archive.sana.sy\/es\/?attachment_id=335581'><img loading=\"lazy\" decoding=\"async\" width=\"660\" height=\"440\" src=\"https:\/\/archive.sana.sy\/es\/wp-content\/uploads\/2024\/08\/2-3.jpg\" class=\"attachment-full size-full\" alt=\"\" srcset=\"https:\/\/archive.sana.sy\/es\/wp-content\/uploads\/2024\/08\/2-3.jpg 660w, https:\/\/archive.sana.sy\/es\/wp-content\/uploads\/2024\/08\/2-3-300x200.jpg 300w, https:\/\/archive.sana.sy\/es\/wp-content\/uploads\/2024\/08\/2-3-150x100.jpg 150w\" sizes=\"(max-width: 660px) 100vw, 660px\" \/><\/a>\n\t\t\t<\/div><\/figure><figure class='gallery-item'>\n\t\t\t<div class='gallery-icon landscape'>\n\t\t\t\t<a href='https:\/\/archive.sana.sy\/es\/?attachment_id=335583'><img loading=\"lazy\" decoding=\"async\" width=\"300\" height=\"200\" src=\"https:\/\/archive.sana.sy\/es\/wp-content\/uploads\/2024\/08\/4-2.jpg\" class=\"attachment-full size-full\" alt=\"\" srcset=\"https:\/\/archive.sana.sy\/es\/wp-content\/uploads\/2024\/08\/4-2.jpg 300w, https:\/\/archive.sana.sy\/es\/wp-content\/uploads\/2024\/08\/4-2-150x100.jpg 150w\" sizes=\"(max-width: 300px) 100vw, 300px\" \/><\/a>\n\t\t\t<\/div><\/figure><figure class='gallery-item'>\n\t\t\t<div class='gallery-icon landscape'>\n\t\t\t\t<a href='https:\/\/archive.sana.sy\/es\/?attachment_id=335582'><img loading=\"lazy\" decoding=\"async\" width=\"660\" height=\"440\" src=\"https:\/\/archive.sana.sy\/es\/wp-content\/uploads\/2024\/08\/3-3.jpg\" class=\"attachment-full size-full\" alt=\"\" srcset=\"https:\/\/archive.sana.sy\/es\/wp-content\/uploads\/2024\/08\/3-3.jpg 660w, https:\/\/archive.sana.sy\/es\/wp-content\/uploads\/2024\/08\/3-3-300x200.jpg 300w, https:\/\/archive.sana.sy\/es\/wp-content\/uploads\/2024\/08\/3-3-150x100.jpg 150w\" sizes=\"(max-width: 660px) 100vw, 660px\" \/><\/a>\n\t\t\t<\/div><\/figure><figure class='gallery-item'>\n\t\t\t<div class='gallery-icon landscape'>\n\t\t\t\t<a href='https:\/\/archive.sana.sy\/es\/?attachment_id=335584'><img loading=\"lazy\" decoding=\"async\" width=\"660\" height=\"440\" src=\"https:\/\/archive.sana.sy\/es\/wp-content\/uploads\/2024\/08\/5-1.jpg\" class=\"attachment-full size-full\" alt=\"\" srcset=\"https:\/\/archive.sana.sy\/es\/wp-content\/uploads\/2024\/08\/5-1.jpg 660w, https:\/\/archive.sana.sy\/es\/wp-content\/uploads\/2024\/08\/5-1-300x200.jpg 300w, https:\/\/archive.sana.sy\/es\/wp-content\/uploads\/2024\/08\/5-1-150x100.jpg 150w\" sizes=\"(max-width: 660px) 100vw, 660px\" \/><\/a>\n\t\t\t<\/div><\/figure><figure class='gallery-item'>\n\t\t\t<div class='gallery-icon landscape'>\n\t\t\t\t<a href='https:\/\/archive.sana.sy\/es\/?attachment_id=335585'><img loading=\"lazy\" decoding=\"async\" width=\"660\" height=\"440\" src=\"https:\/\/archive.sana.sy\/es\/wp-content\/uploads\/2024\/08\/6-1.jpg\" class=\"attachment-full size-full\" alt=\"\" srcset=\"https:\/\/archive.sana.sy\/es\/wp-content\/uploads\/2024\/08\/6-1.jpg 660w, https:\/\/archive.sana.sy\/es\/wp-content\/uploads\/2024\/08\/6-1-300x200.jpg 300w, https:\/\/archive.sana.sy\/es\/wp-content\/uploads\/2024\/08\/6-1-150x100.jpg 150w\" sizes=\"(max-width: 660px) 100vw, 660px\" \/><\/a>\n\t\t\t<\/div><\/figure><figure class='gallery-item'>\n\t\t\t<div class='gallery-icon landscape'>\n\t\t\t\t<a href='https:\/\/archive.sana.sy\/es\/?attachment_id=335586'><img loading=\"lazy\" decoding=\"async\" width=\"660\" height=\"440\" src=\"https:\/\/archive.sana.sy\/es\/wp-content\/uploads\/2024\/08\/7-2.jpg\" class=\"attachment-full size-full\" alt=\"\" srcset=\"https:\/\/archive.sana.sy\/es\/wp-content\/uploads\/2024\/08\/7-2.jpg 660w, https:\/\/archive.sana.sy\/es\/wp-content\/uploads\/2024\/08\/7-2-300x200.jpg 300w, https:\/\/archive.sana.sy\/es\/wp-content\/uploads\/2024\/08\/7-2-150x100.jpg 150w\" sizes=\"(max-width: 660px) 100vw, 660px\" \/><\/a>\n\t\t\t<\/div><\/figure><figure class='gallery-item'>\n\t\t\t<div class='gallery-icon landscape'>\n\t\t\t\t<a href='https:\/\/archive.sana.sy\/es\/?attachment_id=335588'><img loading=\"lazy\" decoding=\"async\" width=\"660\" height=\"415\" src=\"https:\/\/archive.sana.sy\/es\/wp-content\/uploads\/2024\/08\/9-2.jpg\" class=\"attachment-full size-full\" alt=\"\" srcset=\"https:\/\/archive.sana.sy\/es\/wp-content\/uploads\/2024\/08\/9-2.jpg 660w, https:\/\/archive.sana.sy\/es\/wp-content\/uploads\/2024\/08\/9-2-300x189.jpg 300w, https:\/\/archive.sana.sy\/es\/wp-content\/uploads\/2024\/08\/9-2-150x94.jpg 150w\" sizes=\"(max-width: 660px) 100vw, 660px\" \/><\/a>\n\t\t\t<\/div><\/figure>\n\t\t<\/div>\n\n<p>ahs\/sm<\/p>\n<p>&nbsp;<\/p>\n","protected":false},"excerpt":{"rendered":"<p>Homs, 08 ago (SANA) las actividades de la Conferencia Al-Wadi para m\u00e9dicos sirios en el pa\u00eds y en el extranjero comenzaron hoy con la participaci\u00f3n de m\u00e9dicos de diversas especialidades residentes en varios pa\u00edses como Siria, Estados Unidos, Francia, Gran Breta\u00f1a, Espa\u00f1a y Alemania. La conferencia se desarrolla en la sede de la Universidad privada &hellip;<\/p>\n","protected":false},"author":39,"featured_media":335566,"comment_status":"closed","ping_status":"closed","sticky":false,"template":"","format":"standard","meta":{"footnotes":""},"categories":[597,476,467,583],"tags":[],"class_list":["post-335565","post","type-post","status-publish","format-standard","has-post-thumbnail","","category-cinta-de-noticias","category-locales","category-siria-y-el-mundo","category-slide"],"_links":{"self":[{"href":"https:\/\/archive.sana.sy\/es\/index.php?rest_route=\/wp\/v2\/posts\/335565"}],"collection":[{"href":"https:\/\/archive.sana.sy\/es\/index.php?rest_route=\/wp\/v2\/posts"}],"about":[{"href":"https:\/\/archive.sana.sy\/es\/index.php?rest_route=\/wp\/v2\/types\/post"}],"author":[{"embeddable":true,"href":"https:\/\/archive.sana.sy\/es\/index.php?rest_route=\/wp\/v2\/users\/39"}],"replies":[{"embeddable":true,"href":"https:\/\/archive.sana.sy\/es\/index.php?rest_route=%2Fwp%2Fv2%2Fcomments&post=335565"}],"version-history":[{"count":1,"href":"https:\/\/archive.sana.sy\/es\/index.php?rest_route=\/wp\/v2\/posts\/335565\/revisions"}],"predecessor-version":[{"id":335591,"href":"https:\/\/archive.sana.sy\/es\/index.php?rest_route=\/wp\/v2\/posts\/335565\/revisions\/335591"}],"wp:featuredmedia":[{"embeddable":true,"href":"https:\/\/archive.sana.sy\/es\/index.php?rest_route=\/wp\/v2\/media\/335566"}],"wp:attachment":[{"href":"https:\/\/archive.sana.sy\/es\/index.php?rest_route=%2Fwp%2Fv2%2Fmedia&parent=335565"}],"wp:term":[{"taxonomy":"category","embeddable":true,"href":"https:\/\/archive.sana.sy\/es\/index.php?rest_route=%2Fwp%2Fv2%2Fcategories&post=335565"},{"taxonomy":"post_tag","embeddable":true,"href":"https:\/\/archive.sana.sy\/es\/index.php?rest_route=%2Fwp%2Fv2%2Ftags&post=335565"}],"curies":[{"name":"wp","href":"https:\/\/api.w.org\/{rel}","templated":true}]}}