{"id":335595,"date":"2024-08-08T19:41:27","date_gmt":"2024-08-08T16:41:27","guid":{"rendered":"https:\/\/sana.sy\/es\/?p=335595"},"modified":"2024-08-08T19:41:27","modified_gmt":"2024-08-08T16:41:27","slug":"fuerzas-iraquies-arrestan-a-11-terroristas-en-ninive","status":"publish","type":"post","link":"https:\/\/archive.sana.sy\/es\/?p=335595","title":{"rendered":"Fuerzas iraqu\u00edes arrestan a 11 terroristas en N\u00ednive"},"content":{"rendered":"<p style=\"text-align: justify;\"><span style=\"color: #800000;\"><strong>Bagdad, 08 ago (SANA)<\/strong><\/span> Las fuerzas de seguridad iraqu\u00edes arrestaron a 11 terroristas, entre ellos una mujer, en N\u00ednive, al norte de Irak.<\/p>\n<p style=\"text-align: justify;\">\u201cTras recopilar informaci\u00f3n y dar seguimiento continuo, y gracias a la cooperaci\u00f3n de los ciudadanos, una fuerza conjunta en la gobernaci\u00f3n de N\u00ednive, pudo en 72 horas capturar a 11 terroristas buscados, entre ellos se encuentra una mujer\u201d, cit\u00f3 el portavoz del Ministerio del Interior, general de brigada Miqdad Miri, en un comunicado a la agencia de noticias iraqu\u00ed (INA).<\/p>\n<p style=\"text-align: justify;\">A\u00f1adi\u00f3 que los extremistas arrestados trabajaban en las filas de \u201cDaesh\u201d durante el per\u00edodo de su control esta organizaci\u00f3n terrorista sobre la ciudad de Mosul.<\/p>\n<p style=\"text-align: justify;\">ahs\/sm<\/p>\n","protected":false},"excerpt":{"rendered":"<p>Bagdad, 08 ago (SANA) Las fuerzas de seguridad iraqu\u00edes arrestaron a 11 terroristas, entre ellos una mujer, en N\u00ednive, al norte de Irak. \u201cTras recopilar informaci\u00f3n y dar seguimiento continuo, y gracias a la cooperaci\u00f3n de los ciudadanos, una fuerza conjunta en la gobernaci\u00f3n de N\u00ednive, pudo en 72 horas capturar a 11 terroristas buscados, &hellip;<\/p>\n","protected":false},"author":39,"featured_media":335596,"comment_status":"closed","ping_status":"closed","sticky":false,"template":"","format":"standard","meta":{"footnotes":""},"categories":[597,456,16687,20724,7541],"tags":[],"class_list":["post-335595","post","type-post","status-publish","format-standard","has-post-thumbnail","","category-cinta-de-noticias","category-arabe-internacional-politica","category-internacionales","category-minuto-a-minuto","category-ultimas-noticias"],"_links":{"self":[{"href":"https:\/\/archive.sana.sy\/es\/index.php?rest_route=\/wp\/v2\/posts\/335595"}],"collection":[{"href":"https:\/\/archive.sana.sy\/es\/index.php?rest_route=\/wp\/v2\/posts"}],"about":[{"href":"https:\/\/archive.sana.sy\/es\/index.php?rest_route=\/wp\/v2\/types\/post"}],"author":[{"embeddable":true,"href":"https:\/\/archive.sana.sy\/es\/index.php?rest_route=\/wp\/v2\/users\/39"}],"replies":[{"embeddable":true,"href":"https:\/\/archive.sana.sy\/es\/index.php?rest_route=%2Fwp%2Fv2%2Fcomments&post=335595"}],"version-history":[{"count":1,"href":"https:\/\/archive.sana.sy\/es\/index.php?rest_route=\/wp\/v2\/posts\/335595\/revisions"}],"predecessor-version":[{"id":335597,"href":"https:\/\/archive.sana.sy\/es\/index.php?rest_route=\/wp\/v2\/posts\/335595\/revisions\/335597"}],"wp:featuredmedia":[{"embeddable":true,"href":"https:\/\/archive.sana.sy\/es\/index.php?rest_route=\/wp\/v2\/media\/335596"}],"wp:attachment":[{"href":"https:\/\/archive.sana.sy\/es\/index.php?rest_route=%2Fwp%2Fv2%2Fmedia&parent=335595"}],"wp:term":[{"taxonomy":"category","embeddable":true,"href":"https:\/\/archive.sana.sy\/es\/index.php?rest_route=%2Fwp%2Fv2%2Fcategories&post=335595"},{"taxonomy":"post_tag","embeddable":true,"href":"https:\/\/archive.sana.sy\/es\/index.php?rest_route=%2Fwp%2Fv2%2Ftags&post=335595"}],"curies":[{"name":"wp","href":"https:\/\/api.w.org\/{rel}","templated":true}]}}