{"id":33560,"date":"2015-11-15T11:21:07","date_gmt":"2015-11-15T09:21:07","guid":{"rendered":"http:\/\/sana.sy\/es\/?p=33560"},"modified":"2023-01-10T15:35:14","modified_gmt":"2023-01-10T13:35:14","slug":"principales-titulares-de-los-diarios-sirios-publicados-este-domingo-en-siria","status":"publish","type":"post","link":"https:\/\/archive.sana.sy\/es\/?p=33560","title":{"rendered":"Principales titulares de los diarios sirios publicados este domingo en Siria"},"content":{"rendered":"<div dir=\"ltr\"><span style=\"color: #800000\">Damasco, SANA<\/span><\/div>\n<div><\/div>\n<div>Los principales diarios sirios destacaron los siguientes titulares:<\/div>\n<p>= Presidente al-Assad recibe a parlamentarios, intelectuales y periodistas franceses.<\/p>\n<p>= Presidente sirio afirma que los ataques terroristas de Par\u00eds muestran que el terrorismo no conoce fronteras.<\/p>\n<p>= Presidente al-Assad llama a combatir el terrorismo en pr\u00e1ctica y no s\u00f3lo en teor\u00eda.<\/p>\n<p>= Ej\u00e9rcito contin\u00faa sus avances en varias provincias sirias.<\/p>\n<p>= Concluyen las reuniones de la cumbre de Viena.<\/p>\n<p>= Lavrov y Kerry aseguran que el pueblo sirio debe decidir por s\u00ed mismo su destino.<\/p>\n<p>= Comando General del Ej\u00e9rcito asegura que las opresiones anti-terroristas siguen avanzado y logrando grandes \u00e9xitos.<\/p>\n<p>= Polonia decide no recibir m\u00e1s refugiados tras los atentados en Par\u00eds.<\/p>\n<p>= Siria denuncia en\u00e9rgicamente los atentados terroristas que se produjeron en Par\u00eds.<\/p>\n<p>= Presidente checheno lanza un llamamiento a unirse contra el terrorismo.<\/p>\n<p>= Jefe del Estado Mayor inspecciona unidades del ej\u00e9rcito que operan en Alepo y el aeropuerto militar de Kweres.<\/p>\n<p>= 120 muertos y cientos de heridos en una serie de atentados terroristas en Paris.<br \/>\n= Putin declara que Siria es un pa\u00eds soberano y al-Assad es el presidente elegido por el pueblo.<\/p>\n<p>= Fuerzas Armadas recuperan nuevas \u00e1reas de la ciudad de al-Sheikh Maskin al norte de la ciudad de Deraa.<\/p>\n<p>= Unidades militares destruyen fortificaciones y puestos de los terroristas del Frente al-Nousra en la localidad de Atman.<\/p>\n<p>= Aviaci\u00f3n militar siria lanz\u00f3 nuevos ataques contra feudos de las organizaciones terroristas en la zona de Ghouta Este.<\/p>\n<p>= Ej\u00e9rcito destruye un convoy del Estado Isl\u00e1mico en el campo sureste de Sweida.<\/p>\n<p>= Operativos del ej\u00e9rcito en el campo este de Alepo dejan destruidas a las fortificaciones y veh\u00edculos de terroristas del Estado Isl\u00e1mico en la ciudad de al-Bab.<\/p>\n<p>= Aviones de combate sirios destruyes posiciones de llamado \u201cEj\u00e9rcito de Conquista\u201d en el campo norte de Hama.<\/p>\n<p>= Gobernador de Alepo llama a los vecinos de la ciudad de al-Hader a volver a sus hogares.<\/p>\n<p>= Amplia condena internacional a los atentados terroristas de Paris.<\/p>\n<p>= Putin se solidariza con el pueblo de Francia tras los atentados terroristas.<\/p>\n<p>= 120 muertos en Paris en ataque terrorista m\u00faltiple.<\/p>\n<p>= Aviones rusos realizan m\u00e1s de 100 vuelos y atacan a 289 blancos terroristas.<\/p>\n<p>= Nasrallah asegura que atentados de Beirut buscan provocar la discordia en el L\u00edbano.<\/p>\n<p>= Primer Ministro inspecciona a unidades del ej\u00e9rcito en el campo norte de Latakia.<\/p>\n<p>= Inaugurados proyectos en Latakia con un valor de 4.5 mil millones de libras sirias.<\/p>\n<p>= Aviones de combate saud\u00edes atacan ciudades yemen\u00edes, dejando muertos y heridos.<\/p>\n<p>= Polic\u00eda francesa evac\u00faa la torre Eiffel tras los atentados de Par\u00eds.<\/p>\n<p>= Teher\u00e1n asegura que di\u00e1logos sobre Siria deben terminar en una tregua.<\/p>\n<p>= Dos mexicanas muertas en los atentados terroristas de Francia<\/p>\n<div class=\"yj6qo ajU\">\n<div id=\":m8\" class=\"ajR\"><img decoding=\"async\" class=\"ajT\" src=\"https:\/\/ssl.gstatic.com\/ui\/v1\/icons\/mail\/images\/cleardot.gif\" alt=\"\" \/><\/div>\n<\/div>\n","protected":false},"excerpt":{"rendered":"<p>Damasco, SANA Los principales diarios sirios destacaron los siguientes titulares: = Presidente al-Assad recibe a parlamentarios, intelectuales y periodistas franceses. = Presidente sirio afirma que los ataques terroristas de Par\u00eds muestran que el terrorismo no conoce fronteras. = Presidente al-Assad llama a combatir el terrorismo en pr\u00e1ctica y no s\u00f3lo en teor\u00eda. = Ej\u00e9rcito contin\u00faa &hellip;<\/p>\n","protected":false},"author":1,"featured_media":6186,"comment_status":"closed","ping_status":"closed","sticky":false,"template":"","format":"standard","meta":{"footnotes":""},"categories":[447,555],"tags":[7390],"class_list":["post-33560","post","type-post","status-publish","format-standard","has-post-thumbnail","","category-local-politica","category-prensa","tag-principales-titulares-de-los-diarios-sirios-publicados-este-domingo-en-siria"],"_links":{"self":[{"href":"https:\/\/archive.sana.sy\/es\/index.php?rest_route=\/wp\/v2\/posts\/33560"}],"collection":[{"href":"https:\/\/archive.sana.sy\/es\/index.php?rest_route=\/wp\/v2\/posts"}],"about":[{"href":"https:\/\/archive.sana.sy\/es\/index.php?rest_route=\/wp\/v2\/types\/post"}],"author":[{"embeddable":true,"href":"https:\/\/archive.sana.sy\/es\/index.php?rest_route=\/wp\/v2\/users\/1"}],"replies":[{"embeddable":true,"href":"https:\/\/archive.sana.sy\/es\/index.php?rest_route=%2Fwp%2Fv2%2Fcomments&post=33560"}],"version-history":[{"count":0,"href":"https:\/\/archive.sana.sy\/es\/index.php?rest_route=\/wp\/v2\/posts\/33560\/revisions"}],"wp:featuredmedia":[{"embeddable":true,"href":"https:\/\/archive.sana.sy\/es\/index.php?rest_route=\/wp\/v2\/media\/6186"}],"wp:attachment":[{"href":"https:\/\/archive.sana.sy\/es\/index.php?rest_route=%2Fwp%2Fv2%2Fmedia&parent=33560"}],"wp:term":[{"taxonomy":"category","embeddable":true,"href":"https:\/\/archive.sana.sy\/es\/index.php?rest_route=%2Fwp%2Fv2%2Fcategories&post=33560"},{"taxonomy":"post_tag","embeddable":true,"href":"https:\/\/archive.sana.sy\/es\/index.php?rest_route=%2Fwp%2Fv2%2Ftags&post=33560"}],"curies":[{"name":"wp","href":"https:\/\/api.w.org\/{rel}","templated":true}]}}