{"id":335644,"date":"2024-08-09T17:59:50","date_gmt":"2024-08-09T14:59:50","guid":{"rendered":"https:\/\/sana.sy\/es\/?p=335644"},"modified":"2024-08-09T17:59:50","modified_gmt":"2024-08-09T14:59:50","slug":"por-tercer-dia-la-milicia-proestadounidense-fds-asedia-la-ciudad-siria-de-al-hasakeh","status":"publish","type":"post","link":"https:\/\/archive.sana.sy\/es\/?p=335644","title":{"rendered":"Por tercer d\u00eda, la milicia proestadounidense \u201cFDS\u201d asedia la ciudad siria de Al-Hasakeh"},"content":{"rendered":"<p style=\"text-align: justify;\"><span style=\"color: #800000;\"><strong>Hasakeh, 09 ago (SANA)<\/strong><\/span> La milicia separatista (FDS), apoyada por el ocupante estadounidense, contin\u00faa su asedio a la ciudad siria de Hasakeh, impidiendo la entrada de harina, agua y suministros de alimentos necesarios.<\/p>\n<p style=\"text-align: justify;\">Adem\u00e1s, la poblaci\u00f3n de la referida urbe sufre a consecuencia del corte total de agua, y la milicia FDS bloquea el paso los tanques de transporte de agua pertenecientes a organizaciones internacionales.<\/p>\n<p style=\"text-align: justify;\">El director provincial de Comercio Interior, Ali Khalif, explic\u00f3 a SANA que la panader\u00eda Al-Baath en la ciudad de Qamishli dej\u00f3 abastecer pan a la poblaci\u00f3n debido al saqueo del pan por parte de los militantes de la mencionada milicia.<\/p>\n<p style=\"text-align: justify;\">A su vez, una fuente de la Compa\u00f1\u00eda de Agua de Hasakeh indic\u00f3 que plantas desaladoras se detendr\u00e1n debido a la cantidad de combustible que se est\u00e1 agotando debido a las pr\u00e1cticas criminales la milicia FDS.<\/p>\n<p style=\"text-align: justify;\">Los pobladores de Hasakeh denunciaron la persistencia de la milicia FDS en generar hambruna y sed a quienes rechazan su existencia, e instaron a todas las organizaciones internacionales y de derechos humanos que intervengan y pongan fin a estas violaciones y cr\u00edmenes cometidos contra la humanidad.<\/p>\n<p style=\"text-align: justify;\">ahs\/sm<\/p>\n<p style=\"text-align: justify;\">\n","protected":false},"excerpt":{"rendered":"<p>Hasakeh, 09 ago (SANA) La milicia separatista (FDS), apoyada por el ocupante estadounidense, contin\u00faa su asedio a la ciudad siria de Hasakeh, impidiendo la entrada de harina, agua y suministros de alimentos necesarios. Adem\u00e1s, la poblaci\u00f3n de la referida urbe sufre a consecuencia del corte total de agua, y la milicia FDS bloquea el paso &hellip;<\/p>\n","protected":false},"author":39,"featured_media":335645,"comment_status":"closed","ping_status":"closed","sticky":false,"template":"","format":"standard","meta":{"footnotes":""},"categories":[597,573,20724,476,7541],"tags":[],"class_list":["post-335644","post","type-post","status-publish","format-standard","has-post-thumbnail","","category-cinta-de-noticias","category-la-realidad-de-los-acontecimientos-en-siria","category-minuto-a-minuto","category-locales","category-ultimas-noticias"],"_links":{"self":[{"href":"https:\/\/archive.sana.sy\/es\/index.php?rest_route=\/wp\/v2\/posts\/335644"}],"collection":[{"href":"https:\/\/archive.sana.sy\/es\/index.php?rest_route=\/wp\/v2\/posts"}],"about":[{"href":"https:\/\/archive.sana.sy\/es\/index.php?rest_route=\/wp\/v2\/types\/post"}],"author":[{"embeddable":true,"href":"https:\/\/archive.sana.sy\/es\/index.php?rest_route=\/wp\/v2\/users\/39"}],"replies":[{"embeddable":true,"href":"https:\/\/archive.sana.sy\/es\/index.php?rest_route=%2Fwp%2Fv2%2Fcomments&post=335644"}],"version-history":[{"count":1,"href":"https:\/\/archive.sana.sy\/es\/index.php?rest_route=\/wp\/v2\/posts\/335644\/revisions"}],"predecessor-version":[{"id":335646,"href":"https:\/\/archive.sana.sy\/es\/index.php?rest_route=\/wp\/v2\/posts\/335644\/revisions\/335646"}],"wp:featuredmedia":[{"embeddable":true,"href":"https:\/\/archive.sana.sy\/es\/index.php?rest_route=\/wp\/v2\/media\/335645"}],"wp:attachment":[{"href":"https:\/\/archive.sana.sy\/es\/index.php?rest_route=%2Fwp%2Fv2%2Fmedia&parent=335644"}],"wp:term":[{"taxonomy":"category","embeddable":true,"href":"https:\/\/archive.sana.sy\/es\/index.php?rest_route=%2Fwp%2Fv2%2Fcategories&post=335644"},{"taxonomy":"post_tag","embeddable":true,"href":"https:\/\/archive.sana.sy\/es\/index.php?rest_route=%2Fwp%2Fv2%2Ftags&post=335644"}],"curies":[{"name":"wp","href":"https:\/\/api.w.org\/{rel}","templated":true}]}}