{"id":335647,"date":"2024-08-09T19:18:22","date_gmt":"2024-08-09T16:18:22","guid":{"rendered":"https:\/\/sana.sy\/es\/?p=335647"},"modified":"2024-08-09T19:18:22","modified_gmt":"2024-08-09T16:18:22","slug":"mueren-decenas-de-palestinos-y-otros-resultan-heridos-en-bombardeos-israelies-contra-la-ciudad-de-khan-yunis","status":"publish","type":"post","link":"https:\/\/archive.sana.sy\/es\/?p=335647","title":{"rendered":"Mueren decenas de palestinos y otros resultan heridos en bombardeos israel\u00edes contra la ciudad de Khan Yunis"},"content":{"rendered":"<p style=\"text-align: justify;\"><span style=\"color: #800000;\"><strong>Jerusal\u00e9n ocupada, 09 ago (SANA)<\/strong><\/span> El ej\u00e9rcito israel\u00ed bombarde\u00f3 hoy varias zonas de la ciudad de Khan Yunis, en el sur de la Franja de Gaza, provocando la muerte de 29 palestinos y lesiones a otros decenas.<\/p>\n<p style=\"text-align: justify;\">La agencia de noticias Wafa inform\u00f3 que de los 29 muertos, solo los cad\u00e1veres de 14 han sido recuperado y llevados a al Complejo M\u00e9dico Nasser.<\/p>\n<p style=\"text-align: justify;\">En este contexto, la Agencia de Naciones Unidas para los Refugiados Palestinos (UNRWA) anunci\u00f3 la muerte de 205 de sus trabajadores en la Franja de Gaza desde que comenz\u00f3 la agresi\u00f3n israel\u00ed, el siete de octubre pasado.<\/p>\n<p style=\"text-align: justify;\">El Ministerio de Salud palestino anunci\u00f3 ayer que el n\u00famero de v\u00edctimas de la agresi\u00f3n de ocupaci\u00f3n en curso contra la Franja de Gaza aument\u00f3 a 39.699 muertos y 91.722 heridos.<\/p>\n<p style=\"text-align: justify;\">Agreg\u00f3 que miles de v\u00edctimas a\u00fan se encuentran bajo los escombros, y las ambulancias y los equipos de defensa civil no pueden llegar hasta ellos.<\/p>\n<p style=\"text-align: justify;\">ahs\/sm<\/p>\n","protected":false},"excerpt":{"rendered":"<p>Jerusal\u00e9n ocupada, 09 ago (SANA) El ej\u00e9rcito israel\u00ed bombarde\u00f3 hoy varias zonas de la ciudad de Khan Yunis, en el sur de la Franja de Gaza, provocando la muerte de 29 palestinos y lesiones a otros decenas. La agencia de noticias Wafa inform\u00f3 que de los 29 muertos, solo los cad\u00e1veres de 14 han sido &hellip;<\/p>\n","protected":false},"author":39,"featured_media":335648,"comment_status":"closed","ping_status":"closed","sticky":false,"template":"","format":"standard","meta":{"footnotes":""},"categories":[597,456,16687,20724,583],"tags":[],"class_list":["post-335647","post","type-post","status-publish","format-standard","has-post-thumbnail","","category-cinta-de-noticias","category-arabe-internacional-politica","category-internacionales","category-minuto-a-minuto","category-slide"],"_links":{"self":[{"href":"https:\/\/archive.sana.sy\/es\/index.php?rest_route=\/wp\/v2\/posts\/335647"}],"collection":[{"href":"https:\/\/archive.sana.sy\/es\/index.php?rest_route=\/wp\/v2\/posts"}],"about":[{"href":"https:\/\/archive.sana.sy\/es\/index.php?rest_route=\/wp\/v2\/types\/post"}],"author":[{"embeddable":true,"href":"https:\/\/archive.sana.sy\/es\/index.php?rest_route=\/wp\/v2\/users\/39"}],"replies":[{"embeddable":true,"href":"https:\/\/archive.sana.sy\/es\/index.php?rest_route=%2Fwp%2Fv2%2Fcomments&post=335647"}],"version-history":[{"count":1,"href":"https:\/\/archive.sana.sy\/es\/index.php?rest_route=\/wp\/v2\/posts\/335647\/revisions"}],"predecessor-version":[{"id":335649,"href":"https:\/\/archive.sana.sy\/es\/index.php?rest_route=\/wp\/v2\/posts\/335647\/revisions\/335649"}],"wp:featuredmedia":[{"embeddable":true,"href":"https:\/\/archive.sana.sy\/es\/index.php?rest_route=\/wp\/v2\/media\/335648"}],"wp:attachment":[{"href":"https:\/\/archive.sana.sy\/es\/index.php?rest_route=%2Fwp%2Fv2%2Fmedia&parent=335647"}],"wp:term":[{"taxonomy":"category","embeddable":true,"href":"https:\/\/archive.sana.sy\/es\/index.php?rest_route=%2Fwp%2Fv2%2Fcategories&post=335647"},{"taxonomy":"post_tag","embeddable":true,"href":"https:\/\/archive.sana.sy\/es\/index.php?rest_route=%2Fwp%2Fv2%2Ftags&post=335647"}],"curies":[{"name":"wp","href":"https:\/\/api.w.org\/{rel}","templated":true}]}}