{"id":335650,"date":"2024-08-09T19:52:25","date_gmt":"2024-08-09T16:52:25","guid":{"rendered":"https:\/\/sana.sy\/es\/?p=335650"},"modified":"2024-08-09T19:52:49","modified_gmt":"2024-08-09T16:52:49","slug":"mali-ordena-al-embajador-sueco-que-abandone-su-territor","status":"publish","type":"post","link":"https:\/\/archive.sana.sy\/es\/?p=335650","title":{"rendered":"Mali ordena al embajador sueco que abandone su territorio"},"content":{"rendered":"<p style=\"text-align: justify;\"><span style=\"color: #800000;\"><strong>Bamako, 09 ago (SANA)<\/strong><\/span> Mali pidi\u00f3 al embajador de Suecia que abandone su territorio en un plazo de 72 horas horas tras declaraciones de funcionarios suecos sobre la reducci\u00f3n de la ayuda de Estocolmo al pa\u00eds africano debido a la ruptura de sus relaciones con Ucrania.<\/p>\n<p style=\"text-align: justify;\">\u201cEl embajador de Suecia en Bamako ha recibido la orden de abandonar el pa\u00eds en un plazo de 72 horas, tras una declaraci\u00f3n hostil del Ministro sueco de Cooperaci\u00f3n Internacional y Comercio sobre Mali\u201d, inform\u00f3 este viernes el Ministerio de Asuntos Exteriores de Mali.<\/p>\n<p style=\"text-align: justify;\">El ministro sueco Johan Forssell hab\u00eda anunciado que su pa\u00eds decidi\u00f3 dejar de proporcionar ayuda a Mal\u00ed este a\u00f1o debido a que Bamako cort\u00f3 sus relaciones diplom\u00e1ticas con Kiev.<\/p>\n<p style=\"text-align: justify;\">Cabe se\u00f1alar Mali rompi\u00f3 sus relaciones diplom\u00e1ticas con Ucrania el lunes pasado debido al apoyo del r\u00e9gimen de Kiev a los terroristas en Mali, y una fuente militar maliense declar\u00f3 que terroristas de una alianza de grupos separatistas armados malienses viajaron a Ucrania para recibir entrenamiento all\u00ed.<\/p>\n<p style=\"text-align: justify;\">sm<\/p>\n","protected":false},"excerpt":{"rendered":"<p>Bamako, 09 ago (SANA) Mali pidi\u00f3 al embajador de Suecia que abandone su territorio en un plazo de 72 horas horas tras declaraciones de funcionarios suecos sobre la reducci\u00f3n de la ayuda de Estocolmo al pa\u00eds africano debido a la ruptura de sus relaciones con Ucrania. \u201cEl embajador de Suecia en Bamako ha recibido la &hellip;<\/p>\n","protected":false},"author":39,"featured_media":335651,"comment_status":"closed","ping_status":"closed","sticky":false,"template":"","format":"standard","meta":{"footnotes":""},"categories":[597,456,16687,20724,7541],"tags":[],"class_list":["post-335650","post","type-post","status-publish","format-standard","has-post-thumbnail","","category-cinta-de-noticias","category-arabe-internacional-politica","category-internacionales","category-minuto-a-minuto","category-ultimas-noticias"],"_links":{"self":[{"href":"https:\/\/archive.sana.sy\/es\/index.php?rest_route=\/wp\/v2\/posts\/335650"}],"collection":[{"href":"https:\/\/archive.sana.sy\/es\/index.php?rest_route=\/wp\/v2\/posts"}],"about":[{"href":"https:\/\/archive.sana.sy\/es\/index.php?rest_route=\/wp\/v2\/types\/post"}],"author":[{"embeddable":true,"href":"https:\/\/archive.sana.sy\/es\/index.php?rest_route=\/wp\/v2\/users\/39"}],"replies":[{"embeddable":true,"href":"https:\/\/archive.sana.sy\/es\/index.php?rest_route=%2Fwp%2Fv2%2Fcomments&post=335650"}],"version-history":[{"count":2,"href":"https:\/\/archive.sana.sy\/es\/index.php?rest_route=\/wp\/v2\/posts\/335650\/revisions"}],"predecessor-version":[{"id":335653,"href":"https:\/\/archive.sana.sy\/es\/index.php?rest_route=\/wp\/v2\/posts\/335650\/revisions\/335653"}],"wp:featuredmedia":[{"embeddable":true,"href":"https:\/\/archive.sana.sy\/es\/index.php?rest_route=\/wp\/v2\/media\/335651"}],"wp:attachment":[{"href":"https:\/\/archive.sana.sy\/es\/index.php?rest_route=%2Fwp%2Fv2%2Fmedia&parent=335650"}],"wp:term":[{"taxonomy":"category","embeddable":true,"href":"https:\/\/archive.sana.sy\/es\/index.php?rest_route=%2Fwp%2Fv2%2Fcategories&post=335650"},{"taxonomy":"post_tag","embeddable":true,"href":"https:\/\/archive.sana.sy\/es\/index.php?rest_route=%2Fwp%2Fv2%2Ftags&post=335650"}],"curies":[{"name":"wp","href":"https:\/\/api.w.org\/{rel}","templated":true}]}}