{"id":335685,"date":"2024-08-10T14:52:26","date_gmt":"2024-08-10T11:52:26","guid":{"rendered":"https:\/\/sana.sy\/es\/?p=335685"},"modified":"2024-08-10T15:19:16","modified_gmt":"2024-08-10T12:19:16","slug":"siria-apoya-a-rusia-ante-agresion-ucraniana-contra-la-region-de-kursk","status":"publish","type":"post","link":"https:\/\/archive.sana.sy\/es\/?p=335685","title":{"rendered":"Siria apoya a Rusia ante agresi\u00f3n ucraniana contra la regi\u00f3n de Kursk"},"content":{"rendered":"<p style=\"text-align: justify;\"><strong><span style=\"color: #800000;\">Damasco, 10 ago (SANA)<\/span> <\/strong>Siria conden\u00f3 hoy el ataque de las fuerzas ucranianas contra la regi\u00f3n rusa de Kursk y lo calific\u00f3 de terrorista, y asegur\u00f3 que el mismo no habr\u00eda sido posible sin el apoyo de Occidente.<\/p>\n<p style=\"text-align: justify;\">\u201cLa Rep\u00fablica \u00c1rabe Siria sigue con gran preocupaci\u00f3n la noticia del ataque terrorista lanzado por las fuerzas ucranianas contra instalaciones civiles en la regi\u00f3n rusa de Kursk, lo que provoc\u00f3 la muerte de varios civiles inocentes, incluidos dos miembros de los equipos de emergencia m\u00e9dica, mientras decenas resultaron heridos, incluidos ni\u00f1os\u201d, afirm\u00f3 el Ministerio de Asuntos Exteriores y Expatriados por medio de un comunicado.<\/p>\n<p style=\"text-align: justify;\"><a href=\"http:\/\/sana.sy\/es\/wp-content\/uploads\/2024\/08\/\u0648\u0632\u0627\u0631\u0629-\u0627\u0644\u062e\u0627\u0631\u062c\u064a\u0629-\u0648\u0627\u0644\u0645\u063a\u062a\u0631\u0628\u064a\u0646-copy-660x330-1.jpg\"><img loading=\"lazy\" decoding=\"async\" class=\"wp-image-335688 alignleft\" src=\"http:\/\/sana.sy\/es\/wp-content\/uploads\/2024\/08\/\u0648\u0632\u0627\u0631\u0629-\u0627\u0644\u062e\u0627\u0631\u062c\u064a\u0629-\u0648\u0627\u0644\u0645\u063a\u062a\u0631\u0628\u064a\u0646-copy-660x330-1.jpg\" alt=\"\" width=\"392\" height=\"196\" srcset=\"https:\/\/archive.sana.sy\/es\/wp-content\/uploads\/2024\/08\/\u0648\u0632\u0627\u0631\u0629-\u0627\u0644\u062e\u0627\u0631\u062c\u064a\u0629-\u0648\u0627\u0644\u0645\u063a\u062a\u0631\u0628\u064a\u0646-copy-660x330-1.jpg 660w, https:\/\/archive.sana.sy\/es\/wp-content\/uploads\/2024\/08\/\u0648\u0632\u0627\u0631\u0629-\u0627\u0644\u062e\u0627\u0631\u062c\u064a\u0629-\u0648\u0627\u0644\u0645\u063a\u062a\u0631\u0628\u064a\u0646-copy-660x330-1-300x150.jpg 300w, https:\/\/archive.sana.sy\/es\/wp-content\/uploads\/2024\/08\/\u0648\u0632\u0627\u0631\u0629-\u0627\u0644\u062e\u0627\u0631\u062c\u064a\u0629-\u0648\u0627\u0644\u0645\u063a\u062a\u0631\u0628\u064a\u0646-copy-660x330-1-150x75.jpg 150w\" sizes=\"(max-width: 392px) 100vw, 392px\" \/><\/a>La nota tacha de terrorista el ataque y asegura que el mismo no habr\u00eda sido posible sin el ilimitado apoyo del Occidente Colectivo al r\u00e9gimen de Zelensky, especialmente en t\u00e9rminos de suministro de armas estadounidenses y europeas de alta tecnolog\u00eda, con el objetivo de hacer m\u00e1s provocaciones y mayor escalada contra la Federaci\u00f3n Rusa.<br \/>\nRatific\u00f3 el apoyo de Damasco a la dirigencia, el ej\u00e9rcito y el pueblo de la Federaci\u00f3n Rusa en su batalla para hacer frente a esta agresi\u00f3n que amenaza la seguridad y la paz regionales.<\/p>\n<p style=\"text-align: justify;\">Siria denuncia este silencio sospechoso respecto de esta flagrante violaci\u00f3n de la soberan\u00eda territorial rusa, que desvela la hipocres\u00eda occidental al tratar con los principios y normas del derecho internacional, concluy\u00f3 el Ministerio su comunicado.<\/p>\n<p style=\"text-align: justify;\">El martes \u00faltimo, hasta mil combatientes de las tropas del r\u00e9gimen de Kiev emprendieron un intento de incursi\u00f3n fronteriza con el fin de apoderarse de una parte del territorio de la provincia rusa de Kursk.<\/p>\n<p style=\"text-align: justify;\">Las fuerzas rusas lograron impedir el avance de los ucranianos y eliminaron un gran n\u00famero de efectivos y equipos b\u00e9licos tanto en el territorio de la provincia como en el de la regi\u00f3n ucraniana de Sumy, fronteriza con Kursk.<\/p>\n<p style=\"text-align: justify;\">fm\/ed<\/p>\n","protected":false},"excerpt":{"rendered":"<p>Damasco, 10 ago (SANA) Siria conden\u00f3 hoy el ataque de las fuerzas ucranianas contra la regi\u00f3n rusa de Kursk y lo calific\u00f3 de terrorista, y asegur\u00f3 que el mismo no habr\u00eda sido posible sin el apoyo de Occidente. \u201cLa Rep\u00fablica \u00c1rabe Siria sigue con gran preocupaci\u00f3n la noticia del ataque terrorista lanzado por las fuerzas &hellip;<\/p>\n","protected":false},"author":32,"featured_media":335686,"comment_status":"closed","ping_status":"closed","sticky":false,"template":"","format":"standard","meta":{"footnotes":""},"categories":[597,20724,467,583],"tags":[],"class_list":["post-335685","post","type-post","status-publish","format-standard","has-post-thumbnail","","category-cinta-de-noticias","category-minuto-a-minuto","category-siria-y-el-mundo","category-slide"],"_links":{"self":[{"href":"https:\/\/archive.sana.sy\/es\/index.php?rest_route=\/wp\/v2\/posts\/335685"}],"collection":[{"href":"https:\/\/archive.sana.sy\/es\/index.php?rest_route=\/wp\/v2\/posts"}],"about":[{"href":"https:\/\/archive.sana.sy\/es\/index.php?rest_route=\/wp\/v2\/types\/post"}],"author":[{"embeddable":true,"href":"https:\/\/archive.sana.sy\/es\/index.php?rest_route=\/wp\/v2\/users\/32"}],"replies":[{"embeddable":true,"href":"https:\/\/archive.sana.sy\/es\/index.php?rest_route=%2Fwp%2Fv2%2Fcomments&post=335685"}],"version-history":[{"count":2,"href":"https:\/\/archive.sana.sy\/es\/index.php?rest_route=\/wp\/v2\/posts\/335685\/revisions"}],"predecessor-version":[{"id":335689,"href":"https:\/\/archive.sana.sy\/es\/index.php?rest_route=\/wp\/v2\/posts\/335685\/revisions\/335689"}],"wp:featuredmedia":[{"embeddable":true,"href":"https:\/\/archive.sana.sy\/es\/index.php?rest_route=\/wp\/v2\/media\/335686"}],"wp:attachment":[{"href":"https:\/\/archive.sana.sy\/es\/index.php?rest_route=%2Fwp%2Fv2%2Fmedia&parent=335685"}],"wp:term":[{"taxonomy":"category","embeddable":true,"href":"https:\/\/archive.sana.sy\/es\/index.php?rest_route=%2Fwp%2Fv2%2Fcategories&post=335685"},{"taxonomy":"post_tag","embeddable":true,"href":"https:\/\/archive.sana.sy\/es\/index.php?rest_route=%2Fwp%2Fv2%2Ftags&post=335685"}],"curies":[{"name":"wp","href":"https:\/\/api.w.org\/{rel}","templated":true}]}}