{"id":33570,"date":"2015-11-15T15:27:34","date_gmt":"2015-11-15T13:27:34","guid":{"rendered":"http:\/\/sana.sy\/es\/?p=33570"},"modified":"2015-11-15T15:28:41","modified_gmt":"2015-11-15T13:28:41","slug":"al-moallem-recibe-al-vicecanciller-checo-en-damasco","status":"publish","type":"post","link":"https:\/\/archive.sana.sy\/es\/?p=33570","title":{"rendered":"Al-Moallem recibe al Vicecanciller checo en Damasco"},"content":{"rendered":"<p><span style=\"color: #800000\">Damasco, SANA<\/span><\/p>\n<p>El canciller sirio, Walid al-Moallem debati\u00f3 este domingo en Damasco con el vicecanciller de la Rep\u00fablica checa, Martin Tlapa la situaci\u00f3n en el escenario sirio.<\/p>\n<p>Durante la reuni\u00f3n, el Canciller sirio destac\u00f3 que la eliminaci\u00f3n del terrorismo es una necesidad para salvaguardar la paz y la estabilidad mundiales, as\u00ed como constituye el preludio de cualquier arreglo pol\u00edtico de la crisis siria.<\/p>\n<p>En este contexto, puso un \u00e9nfasis particular sobre la necesidad de obligar a los pa\u00edses patrocinadores del terrorismo a que dejen de apoyar a las organizaciones terroristas y cumplan las resoluciones del Consejo de Seguridad de la ONU en materia de la lucha antiterrorista.<\/p>\n<p>Al-Moallem apreci\u00f3 altamente las posturas de la Rep\u00fablicas checa hacia la guerra librada contra Siria.<\/p>\n<p>A su vez, el Vicecanciller checo subray\u00f3 la importancia de la unificaci\u00f3n de los esfuerzos en materia de la lucha contra el terrorismo, expresando la solidaridad de su pa\u00eds con el pueblo sirio que sufren de los actos terroristas.<\/p>\n<p><img loading=\"lazy\" decoding=\"async\" class=\"aligncenter size-medium wp-image-33572\" src=\"http:\/\/sana.sy\/es\/wp-content\/uploads\/2015\/11\/Miqdad-Vicecanciller-checo-300x204.jpg\" alt=\"Miqdad- Vicecanciller checo\" width=\"300\" height=\"204\" srcset=\"https:\/\/archive.sana.sy\/es\/wp-content\/uploads\/2015\/11\/Miqdad-Vicecanciller-checo-300x204.jpg 300w, https:\/\/archive.sana.sy\/es\/wp-content\/uploads\/2015\/11\/Miqdad-Vicecanciller-checo-150x102.jpg 150w, https:\/\/archive.sana.sy\/es\/wp-content\/uploads\/2015\/11\/Miqdad-Vicecanciller-checo-1024x696.jpg 1024w\" sizes=\"(max-width: 300px) 100vw, 300px\" \/><\/p>\n<p>La reuni\u00f3n cont\u00f3 con la asistencia del vicecanciller sirio, Faisal al-Miqdad quien hab\u00eda debatido anteriormente con la misma delegaci\u00f3n checa la consolidaci\u00f3n de las relaciones bilaterales en todos los \u00e1mbitos, sobre todo el \u00e1rea de la reconstrucci\u00f3n de Siria.<\/p>\n<p>&nbsp;<br \/>\nLynn A.<\/p>\n","protected":false},"excerpt":{"rendered":"<p>Damasco, SANA El canciller sirio, Walid al-Moallem debati\u00f3 este domingo en Damasco con el vicecanciller de la Rep\u00fablica checa, Martin Tlapa la situaci\u00f3n en el escenario sirio. Durante la reuni\u00f3n, el Canciller sirio destac\u00f3 que la eliminaci\u00f3n del terrorismo es una necesidad para salvaguardar la paz y la estabilidad mundiales, as\u00ed como constituye el preludio &hellip;<\/p>\n","protected":false},"author":24,"featured_media":33571,"comment_status":"closed","ping_status":"closed","sticky":false,"template":"","format":"standard","meta":{"footnotes":""},"categories":[477,597,476,576],"tags":[],"class_list":["post-33570","post","type-post","status-publish","format-standard","has-post-thumbnail","","category-noticias-edulcorantes","category-cinta-de-noticias","category-locales","category-noticias-politicas"],"_links":{"self":[{"href":"https:\/\/archive.sana.sy\/es\/index.php?rest_route=\/wp\/v2\/posts\/33570"}],"collection":[{"href":"https:\/\/archive.sana.sy\/es\/index.php?rest_route=\/wp\/v2\/posts"}],"about":[{"href":"https:\/\/archive.sana.sy\/es\/index.php?rest_route=\/wp\/v2\/types\/post"}],"author":[{"embeddable":true,"href":"https:\/\/archive.sana.sy\/es\/index.php?rest_route=\/wp\/v2\/users\/24"}],"replies":[{"embeddable":true,"href":"https:\/\/archive.sana.sy\/es\/index.php?rest_route=%2Fwp%2Fv2%2Fcomments&post=33570"}],"version-history":[{"count":0,"href":"https:\/\/archive.sana.sy\/es\/index.php?rest_route=\/wp\/v2\/posts\/33570\/revisions"}],"wp:featuredmedia":[{"embeddable":true,"href":"https:\/\/archive.sana.sy\/es\/index.php?rest_route=\/wp\/v2\/media\/33571"}],"wp:attachment":[{"href":"https:\/\/archive.sana.sy\/es\/index.php?rest_route=%2Fwp%2Fv2%2Fmedia&parent=33570"}],"wp:term":[{"taxonomy":"category","embeddable":true,"href":"https:\/\/archive.sana.sy\/es\/index.php?rest_route=%2Fwp%2Fv2%2Fcategories&post=33570"},{"taxonomy":"post_tag","embeddable":true,"href":"https:\/\/archive.sana.sy\/es\/index.php?rest_route=%2Fwp%2Fv2%2Ftags&post=33570"}],"curies":[{"name":"wp","href":"https:\/\/api.w.org\/{rel}","templated":true}]}}