{"id":335750,"date":"2024-08-10T20:00:05","date_gmt":"2024-08-10T17:00:05","guid":{"rendered":"https:\/\/sana.sy\/es\/?p=335750"},"modified":"2024-08-10T20:00:05","modified_gmt":"2024-08-10T17:00:05","slug":"canciller-de-cuba-reitero-reclamo-de-su-pais-a-poner-fin-al-genocidio-israeli-en-gaza","status":"publish","type":"post","link":"https:\/\/archive.sana.sy\/es\/?p=335750","title":{"rendered":"Canciller de Cuba reiter\u00f3 reclamo de su pa\u00eds a poner fin al genocidio israel\u00ed en Gaza"},"content":{"rendered":"<p style=\"text-align: justify;\"><span style=\"color: #800000;\"><strong>La Habana, 10 ago (SANA)\u00a0<\/strong><\/span> El ministro cubano de Relaciones Exteriores, Bruno Rodr\u00edguez Parilla, conden\u00f3 las declaraciones de funcionarios del ocupante israel\u00ed que piden utilizar el hambre como medio de presi\u00f3n en la guerra genocida emprendida por \u201cIsrael\u201d contra los palestinos.<\/p>\n<p style=\"text-align: justify;\">\u201cCondenamos las declaraciones desde gobierno de \u201cIsrael\u201d que llaman a dejar morir de hambre a poblaci\u00f3n de Gaza, y las mismas evidencian la decisi\u00f3n de sostener su genocidio en Palestina\u201d, escribi\u00f3 el canciller cubano en su cuenta de X.<\/p>\n<p style=\"text-align: justify;\">Hace dos d\u00edas, el ministro del gobierno de la ocupaci\u00f3n israel\u00ed, Bezalel Smotrich, hizo una declaraci\u00f3n sobre la matanza de dos millones de palestinos en la Franja de Gaza, mat\u00e1ndolos de hambre y asedi\u00e1ndolos, apoyando y adoptando la pol\u00edtica de genocidio e imponiendo m\u00e1s castigos colectivos a los Palestinos.<\/p>\n<p style=\"text-align: justify;\">El jefe de la diplomacia cubana, conden\u00f3 de manera en\u00e9rgica el nuevo crimen de lesa humanidad de Israel en Gaza, tras ataque a una escuela que serv\u00eda como refugio a cientos de civiles.<\/p>\n<p style=\"text-align: justify;\">\u201cIsrael muestra una vez m\u00e1s total irrespeto por Derecho Internacional Humanitario\u201d, dijo el Canciller.<\/p>\n<p style=\"text-align: justify;\">Reiter\u00f3 el reclamo de Cuba a poner fin al genocidio.<\/p>\n<p style=\"text-align: justify;\">rr\/fm<\/p>\n","protected":false},"excerpt":{"rendered":"<p>La Habana, 10 ago (SANA)\u00a0 El ministro cubano de Relaciones Exteriores, Bruno Rodr\u00edguez Parilla, conden\u00f3 las declaraciones de funcionarios del ocupante israel\u00ed que piden utilizar el hambre como medio de presi\u00f3n en la guerra genocida emprendida por \u201cIsrael\u201d contra los palestinos. \u201cCondenamos las declaraciones desde gobierno de \u201cIsrael\u201d que llaman a dejar morir de hambre &hellip;<\/p>\n","protected":false},"author":31,"featured_media":335751,"comment_status":"closed","ping_status":"closed","sticky":false,"template":"","format":"standard","meta":{"footnotes":""},"categories":[597,456,16687],"tags":[],"class_list":["post-335750","post","type-post","status-publish","format-standard","has-post-thumbnail","","category-cinta-de-noticias","category-arabe-internacional-politica","category-internacionales"],"_links":{"self":[{"href":"https:\/\/archive.sana.sy\/es\/index.php?rest_route=\/wp\/v2\/posts\/335750"}],"collection":[{"href":"https:\/\/archive.sana.sy\/es\/index.php?rest_route=\/wp\/v2\/posts"}],"about":[{"href":"https:\/\/archive.sana.sy\/es\/index.php?rest_route=\/wp\/v2\/types\/post"}],"author":[{"embeddable":true,"href":"https:\/\/archive.sana.sy\/es\/index.php?rest_route=\/wp\/v2\/users\/31"}],"replies":[{"embeddable":true,"href":"https:\/\/archive.sana.sy\/es\/index.php?rest_route=%2Fwp%2Fv2%2Fcomments&post=335750"}],"version-history":[{"count":1,"href":"https:\/\/archive.sana.sy\/es\/index.php?rest_route=\/wp\/v2\/posts\/335750\/revisions"}],"predecessor-version":[{"id":335752,"href":"https:\/\/archive.sana.sy\/es\/index.php?rest_route=\/wp\/v2\/posts\/335750\/revisions\/335752"}],"wp:featuredmedia":[{"embeddable":true,"href":"https:\/\/archive.sana.sy\/es\/index.php?rest_route=\/wp\/v2\/media\/335751"}],"wp:attachment":[{"href":"https:\/\/archive.sana.sy\/es\/index.php?rest_route=%2Fwp%2Fv2%2Fmedia&parent=335750"}],"wp:term":[{"taxonomy":"category","embeddable":true,"href":"https:\/\/archive.sana.sy\/es\/index.php?rest_route=%2Fwp%2Fv2%2Fcategories&post=335750"},{"taxonomy":"post_tag","embeddable":true,"href":"https:\/\/archive.sana.sy\/es\/index.php?rest_route=%2Fwp%2Fv2%2Ftags&post=335750"}],"curies":[{"name":"wp","href":"https:\/\/api.w.org\/{rel}","templated":true}]}}