{"id":335755,"date":"2024-08-11T11:10:38","date_gmt":"2024-08-11T08:10:38","guid":{"rendered":"https:\/\/sana.sy\/es\/?p=335755"},"modified":"2024-08-11T11:10:38","modified_gmt":"2024-08-11T08:10:38","slug":"estado-de-palestina-pide-que-israel-rinda-cuentas-por-sus-crimenes-contra-el-pueblo-palestino","status":"publish","type":"post","link":"https:\/\/archive.sana.sy\/es\/?p=335755","title":{"rendered":"Estado de Palestina pide que &#8220;Israel&#8221; rinda cuentas por sus cr\u00edmenes contra el pueblo palestino"},"content":{"rendered":"<p style=\"text-align: justify;\"><span style=\"color: #800000;\"><strong>Nueva York, 11 ago (SANA)<\/strong> <\/span>El representante permanente de Palestina ante las Naciones Unidas, Riyad Mansour, llam\u00f3 a la comunidad internacional a tomar medidas inmediatas y a cumplir con sus responsabilidades y obligaciones para que el ocupante israel\u00ed rinda cuentas por sus continuos cr\u00edmenes durante m\u00e1s de 300 d\u00edas en la Franja de Gaza.<\/p>\n<p style=\"text-align: justify;\">En mensajes enviados tanto al Secretario General de las Naciones Unidas como a los Presidentes del Consejo de Seguridad y de la Asamblea General de las Naciones Unidas, Mansour se refiri\u00f3 a la m\u00e1s reciente masacre cometida contra los palestinos en la escuela Al-Tabaeen en el barrio de Al-Daraj, donde m\u00e1s de 100 murieron y cientos resultaron heridos.<\/p>\n<p style=\"text-align: justify;\">\u201cEl mundo no puede permanecer indiferente ante tal brutalidad e inhumanidad, y el Consejo de Seguridad no puede permanecer paralizado esperando que Israel tome una decisi\u00f3n de repente para respetar el derecho internacional&#8221;, dijo el delegado.<\/p>\n<p style=\"text-align: justify;\">Destac\u00f3 la necesidad de que la comunidad internacional adopte medidas inmediatas para detener este ciclo de terrorismo, muerte y destrucci\u00f3n que impoine Israel al pueblo palestino y a toda la regi\u00f3n, y que constituye una grave amenaza a la paz y la seguridad internacionales.<\/p>\n<p style=\"text-align: justify;\">fm\/as<\/p>\n","protected":false},"excerpt":{"rendered":"<p>Nueva York, 11 ago (SANA) El representante permanente de Palestina ante las Naciones Unidas, Riyad Mansour, llam\u00f3 a la comunidad internacional a tomar medidas inmediatas y a cumplir con sus responsabilidades y obligaciones para que el ocupante israel\u00ed rinda cuentas por sus continuos cr\u00edmenes durante m\u00e1s de 300 d\u00edas en la Franja de Gaza. En &hellip;<\/p>\n","protected":false},"author":42,"featured_media":335756,"comment_status":"closed","ping_status":"closed","sticky":false,"template":"","format":"standard","meta":{"footnotes":""},"categories":[597,456,16687,20724,7541],"tags":[],"class_list":["post-335755","post","type-post","status-publish","format-standard","has-post-thumbnail","","category-cinta-de-noticias","category-arabe-internacional-politica","category-internacionales","category-minuto-a-minuto","category-ultimas-noticias"],"_links":{"self":[{"href":"https:\/\/archive.sana.sy\/es\/index.php?rest_route=\/wp\/v2\/posts\/335755"}],"collection":[{"href":"https:\/\/archive.sana.sy\/es\/index.php?rest_route=\/wp\/v2\/posts"}],"about":[{"href":"https:\/\/archive.sana.sy\/es\/index.php?rest_route=\/wp\/v2\/types\/post"}],"author":[{"embeddable":true,"href":"https:\/\/archive.sana.sy\/es\/index.php?rest_route=\/wp\/v2\/users\/42"}],"replies":[{"embeddable":true,"href":"https:\/\/archive.sana.sy\/es\/index.php?rest_route=%2Fwp%2Fv2%2Fcomments&post=335755"}],"version-history":[{"count":1,"href":"https:\/\/archive.sana.sy\/es\/index.php?rest_route=\/wp\/v2\/posts\/335755\/revisions"}],"predecessor-version":[{"id":335757,"href":"https:\/\/archive.sana.sy\/es\/index.php?rest_route=\/wp\/v2\/posts\/335755\/revisions\/335757"}],"wp:featuredmedia":[{"embeddable":true,"href":"https:\/\/archive.sana.sy\/es\/index.php?rest_route=\/wp\/v2\/media\/335756"}],"wp:attachment":[{"href":"https:\/\/archive.sana.sy\/es\/index.php?rest_route=%2Fwp%2Fv2%2Fmedia&parent=335755"}],"wp:term":[{"taxonomy":"category","embeddable":true,"href":"https:\/\/archive.sana.sy\/es\/index.php?rest_route=%2Fwp%2Fv2%2Fcategories&post=335755"},{"taxonomy":"post_tag","embeddable":true,"href":"https:\/\/archive.sana.sy\/es\/index.php?rest_route=%2Fwp%2Fv2%2Ftags&post=335755"}],"curies":[{"name":"wp","href":"https:\/\/api.w.org\/{rel}","templated":true}]}}