{"id":335802,"date":"2024-08-11T15:20:27","date_gmt":"2024-08-11T12:20:27","guid":{"rendered":"https:\/\/sana.sy\/es\/?p=335802"},"modified":"2024-08-11T15:21:18","modified_gmt":"2024-08-11T12:21:18","slug":"rusia-frustra-ataque-ucraniano-con-drones-contra-cinco-regiones-rusas","status":"publish","type":"post","link":"https:\/\/archive.sana.sy\/es\/?p=335802","title":{"rendered":"Rusia frustra ataque ucraniano con drones contra cinco regiones rusas"},"content":{"rendered":"<p style=\"text-align: justify;\"><span style=\"color: #800000;\"><strong>Mosc\u00fa, 11 ago (SANA)<\/strong> <\/span>Los sistemas de defensa antia\u00e9rea rusos destruyeron 38 drones ucranianos sobre cinco regiones rusas, inform\u00f3 el Ministerio de Defensa de Rusia.<\/p>\n<p style=\"text-align: justify;\">&#8220;Durante la noche fueron frustrados los intentos del r\u00e9gimen de Kiev de llevar a cabo ataques terroristas utilizando drones de tipo avi\u00f3n contra instalaciones en el territorio de Rusia\u201d, asegur\u00f3 la cartera militar.<\/p>\n<p style=\"text-align: justify;\">Agreg\u00f3 que los medios de defensa antia\u00e9rea en servicio destruyeron 14 veh\u00edculos a\u00e9reos no tripulados de Ucrania sobre el territorio de la regi\u00f3n de Kursk, 16 drones fueron derribados sobre el territorio de la regi\u00f3n de Vor\u00f3nezh, 3 aparatos sobre la regi\u00f3n de B\u00e9lgorod, un dron sobre la regi\u00f3n de Briansk y un aparato sobre la regi\u00f3n de Oriol&#8221;.<\/p>\n<p style=\"text-align: justify;\">Luego, el Ministerio agreg\u00f3 que las defensa antia\u00e9rea destruy\u00f3 tres drones sobre la regi\u00f3n de B\u00e9lgorod y dos globos de tama\u00f1o peque\u00f1o sobre la regi\u00f3n de Kursk.<\/p>\n<p style=\"text-align: justify;\">fm\/as<\/p>\n","protected":false},"excerpt":{"rendered":"<p>Mosc\u00fa, 11 ago (SANA) Los sistemas de defensa antia\u00e9rea rusos destruyeron 38 drones ucranianos sobre cinco regiones rusas, inform\u00f3 el Ministerio de Defensa de Rusia. &#8220;Durante la noche fueron frustrados los intentos del r\u00e9gimen de Kiev de llevar a cabo ataques terroristas utilizando drones de tipo avi\u00f3n contra instalaciones en el territorio de Rusia\u201d, asegur\u00f3 &hellip;<\/p>\n","protected":false},"author":42,"featured_media":335803,"comment_status":"closed","ping_status":"closed","sticky":false,"template":"","format":"standard","meta":{"footnotes":""},"categories":[597,456,16687,20724,7541],"tags":[],"class_list":["post-335802","post","type-post","status-publish","format-standard","has-post-thumbnail","","category-cinta-de-noticias","category-arabe-internacional-politica","category-internacionales","category-minuto-a-minuto","category-ultimas-noticias"],"_links":{"self":[{"href":"https:\/\/archive.sana.sy\/es\/index.php?rest_route=\/wp\/v2\/posts\/335802"}],"collection":[{"href":"https:\/\/archive.sana.sy\/es\/index.php?rest_route=\/wp\/v2\/posts"}],"about":[{"href":"https:\/\/archive.sana.sy\/es\/index.php?rest_route=\/wp\/v2\/types\/post"}],"author":[{"embeddable":true,"href":"https:\/\/archive.sana.sy\/es\/index.php?rest_route=\/wp\/v2\/users\/42"}],"replies":[{"embeddable":true,"href":"https:\/\/archive.sana.sy\/es\/index.php?rest_route=%2Fwp%2Fv2%2Fcomments&post=335802"}],"version-history":[{"count":1,"href":"https:\/\/archive.sana.sy\/es\/index.php?rest_route=\/wp\/v2\/posts\/335802\/revisions"}],"predecessor-version":[{"id":335804,"href":"https:\/\/archive.sana.sy\/es\/index.php?rest_route=\/wp\/v2\/posts\/335802\/revisions\/335804"}],"wp:featuredmedia":[{"embeddable":true,"href":"https:\/\/archive.sana.sy\/es\/index.php?rest_route=\/wp\/v2\/media\/335803"}],"wp:attachment":[{"href":"https:\/\/archive.sana.sy\/es\/index.php?rest_route=%2Fwp%2Fv2%2Fmedia&parent=335802"}],"wp:term":[{"taxonomy":"category","embeddable":true,"href":"https:\/\/archive.sana.sy\/es\/index.php?rest_route=%2Fwp%2Fv2%2Fcategories&post=335802"},{"taxonomy":"post_tag","embeddable":true,"href":"https:\/\/archive.sana.sy\/es\/index.php?rest_route=%2Fwp%2Fv2%2Ftags&post=335802"}],"curies":[{"name":"wp","href":"https:\/\/api.w.org\/{rel}","templated":true}]}}