{"id":335810,"date":"2024-08-11T17:50:40","date_gmt":"2024-08-11T14:50:40","guid":{"rendered":"https:\/\/sana.sy\/es\/?p=335810"},"modified":"2024-08-11T18:42:42","modified_gmt":"2024-08-11T15:42:42","slug":"protestan-en-australia-en-condena-de-las-masacres-israelies-en-gaza","status":"publish","type":"post","link":"https:\/\/archive.sana.sy\/es\/?p=335810","title":{"rendered":"Protestan en Australia en condena de las masacres israel\u00edes contra Gaza"},"content":{"rendered":"<p style=\"text-align: justify;\"><span style=\"color: #800000;\"><strong>Canberra, 11 ago (SANA)\u00a0<\/strong> <\/span>Miles de personas se manifestaron en la ciudad australiana de S\u00eddney, para exigir el fin de la agresi\u00f3n en curso israel\u00ed contra la Franja de Gaza.<\/p>\n<p style=\"text-align: justify;\">La agencia palestina de noticias Wafa inform\u00f3 que los protestantes recorrieron las calles de S\u00eddney levantando pancartas en condena de la agresi\u00f3n israel\u00ed y en apoyo al pueblo palestino.<\/p>\n<p style=\"text-align: justify;\">Tambi\u00e9n exigieron el fin del apoyo australiano y estadounidense a la entidad sionista.<\/p>\n<p style=\"text-align: justify;\">En la manifestaci\u00f3n participaron integrantes de las comunidades \u00e1rabe y palestina y del Sindicato de Trabajadores Palestinos en Australia.<\/p>\n<p style=\"text-align: justify;\">rr<\/p>\n","protected":false},"excerpt":{"rendered":"<p>Canberra, 11 ago (SANA)\u00a0 Miles de personas se manifestaron en la ciudad australiana de S\u00eddney, para exigir el fin de la agresi\u00f3n en curso israel\u00ed contra la Franja de Gaza. La agencia palestina de noticias Wafa inform\u00f3 que los protestantes recorrieron las calles de S\u00eddney levantando pancartas en condena de la agresi\u00f3n israel\u00ed y en &hellip;<\/p>\n","protected":false},"author":31,"featured_media":335811,"comment_status":"closed","ping_status":"closed","sticky":false,"template":"","format":"standard","meta":{"footnotes":""},"categories":[597,456,16687,20724,7541],"tags":[],"class_list":["post-335810","post","type-post","status-publish","format-standard","has-post-thumbnail","","category-cinta-de-noticias","category-arabe-internacional-politica","category-internacionales","category-minuto-a-minuto","category-ultimas-noticias"],"_links":{"self":[{"href":"https:\/\/archive.sana.sy\/es\/index.php?rest_route=\/wp\/v2\/posts\/335810"}],"collection":[{"href":"https:\/\/archive.sana.sy\/es\/index.php?rest_route=\/wp\/v2\/posts"}],"about":[{"href":"https:\/\/archive.sana.sy\/es\/index.php?rest_route=\/wp\/v2\/types\/post"}],"author":[{"embeddable":true,"href":"https:\/\/archive.sana.sy\/es\/index.php?rest_route=\/wp\/v2\/users\/31"}],"replies":[{"embeddable":true,"href":"https:\/\/archive.sana.sy\/es\/index.php?rest_route=%2Fwp%2Fv2%2Fcomments&post=335810"}],"version-history":[{"count":2,"href":"https:\/\/archive.sana.sy\/es\/index.php?rest_route=\/wp\/v2\/posts\/335810\/revisions"}],"predecessor-version":[{"id":335813,"href":"https:\/\/archive.sana.sy\/es\/index.php?rest_route=\/wp\/v2\/posts\/335810\/revisions\/335813"}],"wp:featuredmedia":[{"embeddable":true,"href":"https:\/\/archive.sana.sy\/es\/index.php?rest_route=\/wp\/v2\/media\/335811"}],"wp:attachment":[{"href":"https:\/\/archive.sana.sy\/es\/index.php?rest_route=%2Fwp%2Fv2%2Fmedia&parent=335810"}],"wp:term":[{"taxonomy":"category","embeddable":true,"href":"https:\/\/archive.sana.sy\/es\/index.php?rest_route=%2Fwp%2Fv2%2Fcategories&post=335810"},{"taxonomy":"post_tag","embeddable":true,"href":"https:\/\/archive.sana.sy\/es\/index.php?rest_route=%2Fwp%2Fv2%2Ftags&post=335810"}],"curies":[{"name":"wp","href":"https:\/\/api.w.org\/{rel}","templated":true}]}}