{"id":335845,"date":"2024-08-12T12:39:14","date_gmt":"2024-08-12T09:39:14","guid":{"rendered":"https:\/\/sana.sy\/es\/?p=335845"},"modified":"2024-08-12T12:39:52","modified_gmt":"2024-08-12T09:39:52","slug":"serbia-ve-al-brics-como-una-alternativa-a-la-ue","status":"publish","type":"post","link":"https:\/\/archive.sana.sy\/es\/?p=335845","title":{"rendered":"Serbia ve al BRICS como una alternativa a la UE"},"content":{"rendered":"<p style=\"text-align: justify;\"><span style=\"color: #800000;\"><strong>Belgrado, 12 ago (SANA)<\/strong> <\/span>El viceprimer ministro serbio Aleksandar Vulin consider\u00f3 en una entrevista con RIA Novosti que el grupo BRICS es para Serbia una alternativa real frente a la Uni\u00f3n Europea.<\/p>\n<p style=\"text-align: justify;\">&#8220;El BRICS no exige nada a Serbia, pero puede ofrecer m\u00e1s de lo que pedimos, mientras la UE nos lo exige todo&#8221;, dijo el alto funcionario.<\/p>\n<p style=\"text-align: justify;\">Mostr\u00f3 que est\u00e1 a favor de que Serbia considere muy bien todas las posibilidades de los BRICS y la cooperaci\u00f3n m\u00e1s estrecha posible con los Estados miembros de la organizaci\u00f3n.<\/p>\n<p style=\"text-align: justify;\">fm\/as<\/p>\n","protected":false},"excerpt":{"rendered":"<p>Belgrado, 12 ago (SANA) El viceprimer ministro serbio Aleksandar Vulin consider\u00f3 en una entrevista con RIA Novosti que el grupo BRICS es para Serbia una alternativa real frente a la Uni\u00f3n Europea. &#8220;El BRICS no exige nada a Serbia, pero puede ofrecer m\u00e1s de lo que pedimos, mientras la UE nos lo exige todo&#8221;, dijo &hellip;<\/p>\n","protected":false},"author":34,"featured_media":335847,"comment_status":"closed","ping_status":"closed","sticky":false,"template":"","format":"standard","meta":{"footnotes":""},"categories":[597,456,16687,20724,7541,1],"tags":[],"class_list":["post-335845","post","type-post","status-publish","format-standard","has-post-thumbnail","","category-cinta-de-noticias","category-arabe-internacional-politica","category-internacionales","category-minuto-a-minuto","category-ultimas-noticias","category-news-not-sorted"],"_links":{"self":[{"href":"https:\/\/archive.sana.sy\/es\/index.php?rest_route=\/wp\/v2\/posts\/335845"}],"collection":[{"href":"https:\/\/archive.sana.sy\/es\/index.php?rest_route=\/wp\/v2\/posts"}],"about":[{"href":"https:\/\/archive.sana.sy\/es\/index.php?rest_route=\/wp\/v2\/types\/post"}],"author":[{"embeddable":true,"href":"https:\/\/archive.sana.sy\/es\/index.php?rest_route=\/wp\/v2\/users\/34"}],"replies":[{"embeddable":true,"href":"https:\/\/archive.sana.sy\/es\/index.php?rest_route=%2Fwp%2Fv2%2Fcomments&post=335845"}],"version-history":[{"count":1,"href":"https:\/\/archive.sana.sy\/es\/index.php?rest_route=\/wp\/v2\/posts\/335845\/revisions"}],"predecessor-version":[{"id":335848,"href":"https:\/\/archive.sana.sy\/es\/index.php?rest_route=\/wp\/v2\/posts\/335845\/revisions\/335848"}],"wp:featuredmedia":[{"embeddable":true,"href":"https:\/\/archive.sana.sy\/es\/index.php?rest_route=\/wp\/v2\/media\/335847"}],"wp:attachment":[{"href":"https:\/\/archive.sana.sy\/es\/index.php?rest_route=%2Fwp%2Fv2%2Fmedia&parent=335845"}],"wp:term":[{"taxonomy":"category","embeddable":true,"href":"https:\/\/archive.sana.sy\/es\/index.php?rest_route=%2Fwp%2Fv2%2Fcategories&post=335845"},{"taxonomy":"post_tag","embeddable":true,"href":"https:\/\/archive.sana.sy\/es\/index.php?rest_route=%2Fwp%2Fv2%2Ftags&post=335845"}],"curies":[{"name":"wp","href":"https:\/\/api.w.org\/{rel}","templated":true}]}}