{"id":33588,"date":"2015-11-15T15:30:19","date_gmt":"2015-11-15T13:30:19","guid":{"rendered":"http:\/\/sana.sy\/es\/?p=33588"},"modified":"2023-01-10T15:29:05","modified_gmt":"2023-01-10T13:29:05","slug":"al-abbas-desmiente-alegaciones-de-kerry-sobre-supuestos-negocios-con-el-ei-en-el-campo-petrolifero","status":"publish","type":"post","link":"https:\/\/archive.sana.sy\/es\/?p=33588","title":{"rendered":"Al-Abbas desmiente alegaciones de Kerry sobre supuestos negocios con el EI en el campo petrol\u00edfero"},"content":{"rendered":"<p><span style=\"color: #800000\">Damasco, SANA<\/span><\/p>\n<p>El ministro de Petr\u00f3leo y Recursos Minerales, Suleiman al-Abbas desminti\u00f3 alegaciones lanzadas por el secretario de Estado de EEUU, John Kerry durante la rueda de prensa sostenida anoche tras la reuni\u00f3n de Viena, sobre supuestos acuerdos y negocios entre el Gobierno sirio y la organizaci\u00f3n terrorista del EI (Daesh) en el campo petrol\u00edfero.<\/p>\n<p>Al-Abbas asever\u00f3 que su ministerio nunca ha comprado o vendido un solo barril de crudo a esta organizaci\u00f3n terrorista ni a ninguna otra.<\/p>\n<p>En un comunicado emitido este domingo, el titular de Petr\u00f3leo y Recursos Minerales subray\u00f3 que el Gobierno sirio no escatima esfuerzo para impedir las operaciones de saqueo del crudo sirio de los yacimientos y pozos, denunciando que quienes impulsaron y facilitaron la comercializaci\u00f3n y el saqueo de este recurso nacional son los mismos pa\u00edses que legalizaron la comercializaci\u00f3n del petr\u00f3leo sirio mediante la resoluci\u00f3n No. 186 emitida en la fecha de 22\/04\/2013 por la Uni\u00f3n Europea.<\/p>\n<p>Al-Abbas sostuvo que el Ministerio de Petrole\u00f3 es el \u00fanico \u00f3rgano facultado de usufructuar este recurso nacional mediante sus establecimientos y socios, aseverando que \u201cel \u00fanico lenguaje con estas organizaciones terroristas es por medio de los fusiles del ej\u00e9rcito sirio\u201d.<\/p>\n<p>&nbsp;<\/p>\n<p>&nbsp;<\/p>\n<p>Lynn A., Riyad Sh.<\/p>\n","protected":false},"excerpt":{"rendered":"<p>Damasco, SANA El ministro de Petr\u00f3leo y Recursos Minerales, Suleiman al-Abbas desminti\u00f3 alegaciones lanzadas por el secretario de Estado de EEUU, John Kerry durante la rueda de prensa sostenida anoche tras la reuni\u00f3n de Viena, sobre supuestos acuerdos y negocios entre el Gobierno sirio y la organizaci\u00f3n terrorista del EI (Daesh) en el campo petrol\u00edfero. &hellip;<\/p>\n","protected":false},"author":24,"featured_media":33589,"comment_status":"closed","ping_status":"closed","sticky":false,"template":"","format":"standard","meta":{"footnotes":""},"categories":[447,477,485,476],"tags":[],"class_list":["post-33588","post","type-post","status-publish","format-standard","has-post-thumbnail","","category-local-politica","category-noticias-edulcorantes","category-informes-negocios-y-finanzas","category-locales"],"_links":{"self":[{"href":"https:\/\/archive.sana.sy\/es\/index.php?rest_route=\/wp\/v2\/posts\/33588"}],"collection":[{"href":"https:\/\/archive.sana.sy\/es\/index.php?rest_route=\/wp\/v2\/posts"}],"about":[{"href":"https:\/\/archive.sana.sy\/es\/index.php?rest_route=\/wp\/v2\/types\/post"}],"author":[{"embeddable":true,"href":"https:\/\/archive.sana.sy\/es\/index.php?rest_route=\/wp\/v2\/users\/24"}],"replies":[{"embeddable":true,"href":"https:\/\/archive.sana.sy\/es\/index.php?rest_route=%2Fwp%2Fv2%2Fcomments&post=33588"}],"version-history":[{"count":0,"href":"https:\/\/archive.sana.sy\/es\/index.php?rest_route=\/wp\/v2\/posts\/33588\/revisions"}],"wp:featuredmedia":[{"embeddable":true,"href":"https:\/\/archive.sana.sy\/es\/index.php?rest_route=\/wp\/v2\/media\/33589"}],"wp:attachment":[{"href":"https:\/\/archive.sana.sy\/es\/index.php?rest_route=%2Fwp%2Fv2%2Fmedia&parent=33588"}],"wp:term":[{"taxonomy":"category","embeddable":true,"href":"https:\/\/archive.sana.sy\/es\/index.php?rest_route=%2Fwp%2Fv2%2Fcategories&post=33588"},{"taxonomy":"post_tag","embeddable":true,"href":"https:\/\/archive.sana.sy\/es\/index.php?rest_route=%2Fwp%2Fv2%2Ftags&post=33588"}],"curies":[{"name":"wp","href":"https:\/\/api.w.org\/{rel}","templated":true}]}}