{"id":335924,"date":"2024-08-13T12:10:39","date_gmt":"2024-08-13T09:10:39","guid":{"rendered":"https:\/\/sana.sy\/es\/?p=335924"},"modified":"2024-08-13T12:14:17","modified_gmt":"2024-08-13T09:14:17","slug":"inicia-el-festival-de-la-cancion-tradicional-siria-fotos","status":"publish","type":"post","link":"https:\/\/archive.sana.sy\/es\/?p=335924","title":{"rendered":"Inicia el Festival de la Canci\u00f3n Tradicional Siria (+ fotos)"},"content":{"rendered":"<p style=\"text-align: justify;\"><span style=\"color: #800000;\"><strong>Damamsco, 13 ago (SANA)<\/strong> <\/span>La tercera edici\u00f3n del Festival de la Canci\u00f3n Tradicional Siria comenz\u00f3 este lunes, en el Palacio Al-Azem de la capital Damasco.<\/p>\n<p style=\"text-align: justify;\">El evento, que durar\u00e1 tres d\u00edas, es organizado por la Direcci\u00f3n de Teatros y M\u00fasica del Ministerio de Cultura y protagonizado por el Coro Musical del Patrimonio Sirio.<\/p>\n<p style=\"text-align: justify;\">El festival incluir\u00e1 una variedad de canciones tradicionales que reflejan la profundidad y diversidad de la civilizaci\u00f3n siria.<\/p>\n<p style=\"text-align: justify;\">En una declaraci\u00f3n a SANA, el organizador y supervisor de la ceremonia, Idris Murad, dijo que en la edici\u00f3n de este a\u00f1o participan nuevos cantantes y se introducen m\u00e1s instrumentos musicales que muestran la riqueza y diversidad de la herencia siria, como el instrumento &#8220;Duduk&#8221;, que acompa\u00f1a la canci\u00f3n armenia, y el instrumento &#8220;Barban&#8221; del canto circasiano.<\/p>\n<p style=\"text-align: justify;\">ed\/fm<\/p>\n<div id='gallery-1' class='gallery galleryid-335924 gallery-columns-1 gallery-size-full'><figure class='gallery-item'>\n\t\t\t<div class='gallery-icon landscape'>\n\t\t\t\t<a href='https:\/\/archive.sana.sy\/es\/wp-content\/uploads\/2024\/08\/DSC_6635.jpg'><img loading=\"lazy\" decoding=\"async\" width=\"660\" height=\"426\" src=\"https:\/\/archive.sana.sy\/es\/wp-content\/uploads\/2024\/08\/DSC_6635.jpg\" class=\"attachment-full size-full\" alt=\"\" srcset=\"https:\/\/archive.sana.sy\/es\/wp-content\/uploads\/2024\/08\/DSC_6635.jpg 660w, https:\/\/archive.sana.sy\/es\/wp-content\/uploads\/2024\/08\/DSC_6635-300x194.jpg 300w, https:\/\/archive.sana.sy\/es\/wp-content\/uploads\/2024\/08\/DSC_6635-150x97.jpg 150w\" sizes=\"(max-width: 660px) 100vw, 660px\" \/><\/a>\n\t\t\t<\/div><\/figure><figure class='gallery-item'>\n\t\t\t<div class='gallery-icon landscape'>\n\t\t\t\t<a href='https:\/\/archive.sana.sy\/es\/wp-content\/uploads\/2024\/08\/DSC_6668-1.jpg'><img loading=\"lazy\" decoding=\"async\" width=\"660\" height=\"440\" src=\"https:\/\/archive.sana.sy\/es\/wp-content\/uploads\/2024\/08\/DSC_6668-1.jpg\" class=\"attachment-full size-full\" alt=\"\" srcset=\"https:\/\/archive.sana.sy\/es\/wp-content\/uploads\/2024\/08\/DSC_6668-1.jpg 660w, https:\/\/archive.sana.sy\/es\/wp-content\/uploads\/2024\/08\/DSC_6668-1-300x200.jpg 300w, https:\/\/archive.sana.sy\/es\/wp-content\/uploads\/2024\/08\/DSC_6668-1-150x100.jpg 150w\" sizes=\"(max-width: 660px) 100vw, 660px\" \/><\/a>\n\t\t\t<\/div><\/figure><figure class='gallery-item'>\n\t\t\t<div class='gallery-icon landscape'>\n\t\t\t\t<a href='https:\/\/archive.sana.sy\/es\/wp-content\/uploads\/2024\/08\/DSC_6659.jpg'><img loading=\"lazy\" decoding=\"async\" width=\"660\" height=\"445\" src=\"https:\/\/archive.sana.sy\/es\/wp-content\/uploads\/2024\/08\/DSC_6659.jpg\" class=\"attachment-full size-full\" alt=\"\" srcset=\"https:\/\/archive.sana.sy\/es\/wp-content\/uploads\/2024\/08\/DSC_6659.jpg 660w, https:\/\/archive.sana.sy\/es\/wp-content\/uploads\/2024\/08\/DSC_6659-300x202.jpg 300w, https:\/\/archive.sana.sy\/es\/wp-content\/uploads\/2024\/08\/DSC_6659-150x101.jpg 150w, https:\/\/archive.sana.sy\/es\/wp-content\/uploads\/2024\/08\/DSC_6659-110x75.jpg 110w\" sizes=\"(max-width: 660px) 100vw, 660px\" \/><\/a>\n\t\t\t<\/div><\/figure><figure class='gallery-item'>\n\t\t\t<div class='gallery-icon landscape'>\n\t\t\t\t<a href='https:\/\/archive.sana.sy\/es\/wp-content\/uploads\/2024\/08\/DSC_6686.jpg'><img loading=\"lazy\" decoding=\"async\" width=\"660\" height=\"426\" src=\"https:\/\/archive.sana.sy\/es\/wp-content\/uploads\/2024\/08\/DSC_6686.jpg\" class=\"attachment-full size-full\" alt=\"\" srcset=\"https:\/\/archive.sana.sy\/es\/wp-content\/uploads\/2024\/08\/DSC_6686.jpg 660w, https:\/\/archive.sana.sy\/es\/wp-content\/uploads\/2024\/08\/DSC_6686-300x194.jpg 300w, https:\/\/archive.sana.sy\/es\/wp-content\/uploads\/2024\/08\/DSC_6686-150x97.jpg 150w\" sizes=\"(max-width: 660px) 100vw, 660px\" \/><\/a>\n\t\t\t<\/div><\/figure><figure class='gallery-item'>\n\t\t\t<div class='gallery-icon landscape'>\n\t\t\t\t<a href='https:\/\/archive.sana.sy\/es\/wp-content\/uploads\/2024\/08\/c-1.jpg'><img loading=\"lazy\" decoding=\"async\" width=\"300\" height=\"195\" src=\"https:\/\/archive.sana.sy\/es\/wp-content\/uploads\/2024\/08\/c-1.jpg\" class=\"attachment-full size-full\" alt=\"\" srcset=\"https:\/\/archive.sana.sy\/es\/wp-content\/uploads\/2024\/08\/c-1.jpg 300w, https:\/\/archive.sana.sy\/es\/wp-content\/uploads\/2024\/08\/c-1-150x98.jpg 150w\" sizes=\"(max-width: 300px) 100vw, 300px\" \/><\/a>\n\t\t\t<\/div><\/figure>\n\t\t<\/div>\n\n","protected":false},"excerpt":{"rendered":"<p>Damamsco, 13 ago (SANA) La tercera edici\u00f3n del Festival de la Canci\u00f3n Tradicional Siria comenz\u00f3 este lunes, en el Palacio Al-Azem de la capital Damasco. El evento, que durar\u00e1 tres d\u00edas, es organizado por la Direcci\u00f3n de Teatros y M\u00fasica del Ministerio de Cultura y protagonizado por el Coro Musical del Patrimonio Sirio. El festival &hellip;<\/p>\n","protected":false},"author":32,"featured_media":335925,"comment_status":"closed","ping_status":"closed","sticky":false,"template":"","format":"standard","meta":{"footnotes":""},"categories":[477,597,510,20724,476,7541],"tags":[],"class_list":["post-335924","post","type-post","status-publish","format-standard","has-post-thumbnail","","category-noticias-edulcorantes","category-cinta-de-noticias","category-arte-y-cultura","category-minuto-a-minuto","category-locales","category-ultimas-noticias"],"_links":{"self":[{"href":"https:\/\/archive.sana.sy\/es\/index.php?rest_route=\/wp\/v2\/posts\/335924"}],"collection":[{"href":"https:\/\/archive.sana.sy\/es\/index.php?rest_route=\/wp\/v2\/posts"}],"about":[{"href":"https:\/\/archive.sana.sy\/es\/index.php?rest_route=\/wp\/v2\/types\/post"}],"author":[{"embeddable":true,"href":"https:\/\/archive.sana.sy\/es\/index.php?rest_route=\/wp\/v2\/users\/32"}],"replies":[{"embeddable":true,"href":"https:\/\/archive.sana.sy\/es\/index.php?rest_route=%2Fwp%2Fv2%2Fcomments&post=335924"}],"version-history":[{"count":3,"href":"https:\/\/archive.sana.sy\/es\/index.php?rest_route=\/wp\/v2\/posts\/335924\/revisions"}],"predecessor-version":[{"id":335936,"href":"https:\/\/archive.sana.sy\/es\/index.php?rest_route=\/wp\/v2\/posts\/335924\/revisions\/335936"}],"wp:featuredmedia":[{"embeddable":true,"href":"https:\/\/archive.sana.sy\/es\/index.php?rest_route=\/wp\/v2\/media\/335925"}],"wp:attachment":[{"href":"https:\/\/archive.sana.sy\/es\/index.php?rest_route=%2Fwp%2Fv2%2Fmedia&parent=335924"}],"wp:term":[{"taxonomy":"category","embeddable":true,"href":"https:\/\/archive.sana.sy\/es\/index.php?rest_route=%2Fwp%2Fv2%2Fcategories&post=335924"},{"taxonomy":"post_tag","embeddable":true,"href":"https:\/\/archive.sana.sy\/es\/index.php?rest_route=%2Fwp%2Fv2%2Ftags&post=335924"}],"curies":[{"name":"wp","href":"https:\/\/api.w.org\/{rel}","templated":true}]}}