{"id":335973,"date":"2024-08-13T19:03:33","date_gmt":"2024-08-13T16:03:33","guid":{"rendered":"https:\/\/sana.sy\/es\/?p=335973"},"modified":"2024-08-13T20:35:20","modified_gmt":"2024-08-13T17:35:20","slug":"federacion-de-periodistas-celebra-el-50-aniversario-de-su-fundacion","status":"publish","type":"post","link":"https:\/\/archive.sana.sy\/es\/?p=335973","title":{"rendered":"Periodistas sirios conmemoran el 50 aniversario de la creaci\u00f3n de su gremio"},"content":{"rendered":"<p style=\"text-align: justify\"><span style=\"color: #800000\"><strong>Damasco, 13 ago (SANA)<\/strong> <\/span>La Uni\u00f3n de Periodistas de Siria organiz\u00f3 esta tarde un evento en la Biblioteca Nacional en Damasco, para conmemorar el 50\u00ba aniversario de su fundaci\u00f3n.<\/p>\n<p style=\"text-align: justify\">El acto cont\u00f3 con la presencia del primer ministro Hossein Arnous, el canciller Faisal Al-Mekdad, el ministro de Informaci\u00f3n Boutros Al-Hallaq, la Asesora Especial en la Presidencia de la Rep\u00fablica, Buthaina Shaaban, miembros de la Direcci\u00f3n Central del Partido Al-Baath, adem\u00e1s de representantes de misiones diplom\u00e1ticas acreditadas en Damasco.<\/p>\n<p style=\"text-align: justify\">En declaraciones a los periodistas, el jefe del gobierno felicit\u00f3 a todos los trabajadores de los medios sirios, y asegur\u00f3 que los comunicadores son los soldados de la palabra y la voz de la verdad.<\/p>\n<p style=\"text-align: justify\">Valor\u00f3 la devoci\u00f3n que mostraron los periodistas durante su cobertura a los operativos antiterroristas, as\u00ed como destac\u00f3 que algunos periodistas murieron o resultaron heridos en su lucha codo a codo junto al Ej\u00e9rcito sirio para proteger la dignidad de la patria.<\/p>\n<p style=\"text-align: justify\">A su vez, el presidente de la Uni\u00f3n, Musa Abdel Nour, subray\u00f3 que esta ceremonia tiene como objetivo homenajear a los trabajadores del sector medi\u00e1tico que mostraron alto compromiso con las causas de la patria.<\/p>\n<p style=\"text-align: justify\">Durante la celebraci\u00f3n, 50 periodistas veteranos recibieron escudos conmemorativos en reconocimiento a su obra a lo largo de su trayectoria.<\/p>\n<p style=\"text-align: justify\">la\/fm<\/p>\n<div id='gallery-1' class='gallery galleryid-335973 gallery-columns-1 gallery-size-full'><figure class='gallery-item'>\n\t\t\t<div class='gallery-icon landscape'>\n\t\t\t\t<a href='https:\/\/archive.sana.sy\/es\/wp-content\/uploads\/2024\/08\/Federacion-de-Periodistas-celebra-el-50-aniversario-de-su-fundacion-1.jpg'><img loading=\"lazy\" decoding=\"async\" width=\"660\" height=\"490\" src=\"https:\/\/archive.sana.sy\/es\/wp-content\/uploads\/2024\/08\/Federacion-de-Periodistas-celebra-el-50-aniversario-de-su-fundacion-1.jpg\" class=\"attachment-full size-full\" alt=\"\" srcset=\"https:\/\/archive.sana.sy\/es\/wp-content\/uploads\/2024\/08\/Federacion-de-Periodistas-celebra-el-50-aniversario-de-su-fundacion-1.jpg 660w, https:\/\/archive.sana.sy\/es\/wp-content\/uploads\/2024\/08\/Federacion-de-Periodistas-celebra-el-50-aniversario-de-su-fundacion-1-300x223.jpg 300w, https:\/\/archive.sana.sy\/es\/wp-content\/uploads\/2024\/08\/Federacion-de-Periodistas-celebra-el-50-aniversario-de-su-fundacion-1-150x111.jpg 150w\" sizes=\"(max-width: 660px) 100vw, 660px\" \/><\/a>\n\t\t\t<\/div><\/figure><figure class='gallery-item'>\n\t\t\t<div class='gallery-icon landscape'>\n\t\t\t\t<a href='https:\/\/archive.sana.sy\/es\/wp-content\/uploads\/2024\/08\/Federacion-de-Periodistas-celebre-el-50-aniversario-de-su-fundacion-2.jpg'><img loading=\"lazy\" decoding=\"async\" width=\"660\" height=\"475\" src=\"https:\/\/archive.sana.sy\/es\/wp-content\/uploads\/2024\/08\/Federacion-de-Periodistas-celebre-el-50-aniversario-de-su-fundacion-2.jpg\" class=\"attachment-full size-full\" alt=\"\" srcset=\"https:\/\/archive.sana.sy\/es\/wp-content\/uploads\/2024\/08\/Federacion-de-Periodistas-celebre-el-50-aniversario-de-su-fundacion-2.jpg 660w, https:\/\/archive.sana.sy\/es\/wp-content\/uploads\/2024\/08\/Federacion-de-Periodistas-celebre-el-50-aniversario-de-su-fundacion-2-300x216.jpg 300w, https:\/\/archive.sana.sy\/es\/wp-content\/uploads\/2024\/08\/Federacion-de-Periodistas-celebre-el-50-aniversario-de-su-fundacion-2-150x108.jpg 150w\" sizes=\"(max-width: 660px) 100vw, 660px\" \/><\/a>\n\t\t\t<\/div><\/figure><figure class='gallery-item'>\n\t\t\t<div class='gallery-icon landscape'>\n\t\t\t\t<a href='https:\/\/archive.sana.sy\/es\/wp-content\/uploads\/2024\/08\/Federacion-de-Periodistas-celebre-el-50-aniversario-de-su-fundacion-3.jpg'><img loading=\"lazy\" decoding=\"async\" width=\"660\" height=\"440\" src=\"https:\/\/archive.sana.sy\/es\/wp-content\/uploads\/2024\/08\/Federacion-de-Periodistas-celebre-el-50-aniversario-de-su-fundacion-3.jpg\" class=\"attachment-full size-full\" alt=\"\" srcset=\"https:\/\/archive.sana.sy\/es\/wp-content\/uploads\/2024\/08\/Federacion-de-Periodistas-celebre-el-50-aniversario-de-su-fundacion-3.jpg 660w, https:\/\/archive.sana.sy\/es\/wp-content\/uploads\/2024\/08\/Federacion-de-Periodistas-celebre-el-50-aniversario-de-su-fundacion-3-300x200.jpg 300w, https:\/\/archive.sana.sy\/es\/wp-content\/uploads\/2024\/08\/Federacion-de-Periodistas-celebre-el-50-aniversario-de-su-fundacion-3-150x100.jpg 150w\" sizes=\"(max-width: 660px) 100vw, 660px\" \/><\/a>\n\t\t\t<\/div><\/figure>\n\t\t<\/div>\n\n<p style=\"text-align: justify\">la<\/p>\n","protected":false},"excerpt":{"rendered":"<p>Damasco, 13 ago (SANA) La Uni\u00f3n de Periodistas de Siria organiz\u00f3 esta tarde un evento en la Biblioteca Nacional en Damasco, para conmemorar el 50\u00ba aniversario de su fundaci\u00f3n. El acto cont\u00f3 con la presencia del primer ministro Hossein Arnous, el canciller Faisal Al-Mekdad, el ministro de Informaci\u00f3n Boutros Al-Hallaq, la Asesora Especial en la &hellip;<\/p>\n","protected":false},"author":24,"featured_media":335974,"comment_status":"closed","ping_status":"closed","sticky":false,"template":"","format":"standard","meta":{"footnotes":""},"categories":[597,20724,476,583],"tags":[],"class_list":["post-335973","post","type-post","status-publish","format-standard","has-post-thumbnail","","category-cinta-de-noticias","category-minuto-a-minuto","category-locales","category-slide"],"_links":{"self":[{"href":"https:\/\/archive.sana.sy\/es\/index.php?rest_route=\/wp\/v2\/posts\/335973"}],"collection":[{"href":"https:\/\/archive.sana.sy\/es\/index.php?rest_route=\/wp\/v2\/posts"}],"about":[{"href":"https:\/\/archive.sana.sy\/es\/index.php?rest_route=\/wp\/v2\/types\/post"}],"author":[{"embeddable":true,"href":"https:\/\/archive.sana.sy\/es\/index.php?rest_route=\/wp\/v2\/users\/24"}],"replies":[{"embeddable":true,"href":"https:\/\/archive.sana.sy\/es\/index.php?rest_route=%2Fwp%2Fv2%2Fcomments&post=335973"}],"version-history":[{"count":4,"href":"https:\/\/archive.sana.sy\/es\/index.php?rest_route=\/wp\/v2\/posts\/335973\/revisions"}],"predecessor-version":[{"id":335984,"href":"https:\/\/archive.sana.sy\/es\/index.php?rest_route=\/wp\/v2\/posts\/335973\/revisions\/335984"}],"wp:featuredmedia":[{"embeddable":true,"href":"https:\/\/archive.sana.sy\/es\/index.php?rest_route=\/wp\/v2\/media\/335974"}],"wp:attachment":[{"href":"https:\/\/archive.sana.sy\/es\/index.php?rest_route=%2Fwp%2Fv2%2Fmedia&parent=335973"}],"wp:term":[{"taxonomy":"category","embeddable":true,"href":"https:\/\/archive.sana.sy\/es\/index.php?rest_route=%2Fwp%2Fv2%2Fcategories&post=335973"},{"taxonomy":"post_tag","embeddable":true,"href":"https:\/\/archive.sana.sy\/es\/index.php?rest_route=%2Fwp%2Fv2%2Ftags&post=335973"}],"curies":[{"name":"wp","href":"https:\/\/api.w.org\/{rel}","templated":true}]}}