{"id":335979,"date":"2024-08-13T19:56:20","date_gmt":"2024-08-13T16:56:20","guid":{"rendered":"https:\/\/sana.sy\/es\/?p=335979"},"modified":"2024-08-13T19:56:20","modified_gmt":"2024-08-13T16:56:20","slug":"iran-no-pedira-permiso-a-nadie-para-defender-su-seguridad-confirma-vicecanciller-irani","status":"publish","type":"post","link":"https:\/\/archive.sana.sy\/es\/?p=335979","title":{"rendered":"Ir\u00e1n no pedir\u00e1 permiso a nadie para defender su seguridad, confirma Vicecanciller iran\u00ed"},"content":{"rendered":"<p style=\"text-align: justify\"><span style=\"color: #800000\"><strong>Teher\u00e1n, 13 ago (SANA)<\/strong><\/span> El portavoz del Ministerio de Asuntos Exteriores de Ir\u00e1n, Nasser Kanaani, reiter\u00f3 la determinaci\u00f3n de su pa\u00eds de defender su soberan\u00eda y seguridad nacional.<\/p>\n<p style=\"text-align: justify\">En este contexto, Kanaani tach\u00f3 de \u201cmuy c\u00ednica\u201d la declaraci\u00f3n tripartita francesa, alemana y brit\u00e1nica que le pide no responder a las agresiones de la entidad sionista a su soberan\u00eda.<\/p>\n<p style=\"text-align: justify\">Explic\u00f3 que la impunidad de los funcionarios sionistas aumenta su impudencia al cometer los cr\u00edmenes m\u00e1s atroces a nivel internacional.<\/p>\n<p style=\"text-align: justify\">\u201cIr\u00e1n est\u00e1 decidida a defender su soberan\u00eda y seguridad nacional, garantizar una estabilidad sostenible en la regi\u00f3n y crear disuasi\u00f3n contra la verdadera fuente de desestabilizaci\u00f3n de la seguridad y terrorismo en la misma, y no pedir\u00e1 permiso a nadie para ejercer sus derechos avalados\u201d, asever\u00f3.<\/p>\n<p style=\"text-align: justify\">Kanaani explic\u00f3 que los pa\u00edses occidentales, incluidos Alemania, Francia e Inglaterra, no tomaron ninguna medida para frenar las salvajadas israel\u00edes en Gaza ni siquiera presentaron objeciones a estos cr\u00edmenes, al mismo tiempo piden descaradamente a Ir\u00e1n que no castigara a esta entidad que viol\u00f3 su soberan\u00eda e integridad territorial.<\/p>\n<p style=\"text-align: justify\">fustig\u00f3 que tales peticiones que carecen de l\u00f3gica pol\u00edtica no har\u00e1n m\u00e1s que premiar a los autores de cr\u00edmenes de guerra, genocidios, y cr\u00edmenes de lesa humanidad.<\/p>\n<p style=\"text-align: justify\">Enfatiz\u00f3 que la inacci\u00f3n de los gobiernos y el Consejo de Seguridad de la ONU ante las brutalidades israel\u00edes, y el amplio apoyo pol\u00edtico y militar brindado por Occidente a esta entidad ocupante, consiste el factor principal en la escalada de la crisis en Oriente Medio.<\/p>\n<p style=\"text-align: justify\">\n<p style=\"text-align: justify\">la<\/p>\n","protected":false},"excerpt":{"rendered":"<p>Teher\u00e1n, 13 ago (SANA) El portavoz del Ministerio de Asuntos Exteriores de Ir\u00e1n, Nasser Kanaani, reiter\u00f3 la determinaci\u00f3n de su pa\u00eds de defender su soberan\u00eda y seguridad nacional. En este contexto, Kanaani tach\u00f3 de \u201cmuy c\u00ednica\u201d la declaraci\u00f3n tripartita francesa, alemana y brit\u00e1nica que le pide no responder a las agresiones de la entidad sionista &hellip;<\/p>\n","protected":false},"author":24,"featured_media":335980,"comment_status":"closed","ping_status":"closed","sticky":false,"template":"","format":"standard","meta":{"footnotes":""},"categories":[597,456,20724,7541],"tags":[],"class_list":["post-335979","post","type-post","status-publish","format-standard","has-post-thumbnail","","category-cinta-de-noticias","category-arabe-internacional-politica","category-minuto-a-minuto","category-ultimas-noticias"],"_links":{"self":[{"href":"https:\/\/archive.sana.sy\/es\/index.php?rest_route=\/wp\/v2\/posts\/335979"}],"collection":[{"href":"https:\/\/archive.sana.sy\/es\/index.php?rest_route=\/wp\/v2\/posts"}],"about":[{"href":"https:\/\/archive.sana.sy\/es\/index.php?rest_route=\/wp\/v2\/types\/post"}],"author":[{"embeddable":true,"href":"https:\/\/archive.sana.sy\/es\/index.php?rest_route=\/wp\/v2\/users\/24"}],"replies":[{"embeddable":true,"href":"https:\/\/archive.sana.sy\/es\/index.php?rest_route=%2Fwp%2Fv2%2Fcomments&post=335979"}],"version-history":[{"count":1,"href":"https:\/\/archive.sana.sy\/es\/index.php?rest_route=\/wp\/v2\/posts\/335979\/revisions"}],"predecessor-version":[{"id":335981,"href":"https:\/\/archive.sana.sy\/es\/index.php?rest_route=\/wp\/v2\/posts\/335979\/revisions\/335981"}],"wp:featuredmedia":[{"embeddable":true,"href":"https:\/\/archive.sana.sy\/es\/index.php?rest_route=\/wp\/v2\/media\/335980"}],"wp:attachment":[{"href":"https:\/\/archive.sana.sy\/es\/index.php?rest_route=%2Fwp%2Fv2%2Fmedia&parent=335979"}],"wp:term":[{"taxonomy":"category","embeddable":true,"href":"https:\/\/archive.sana.sy\/es\/index.php?rest_route=%2Fwp%2Fv2%2Fcategories&post=335979"},{"taxonomy":"post_tag","embeddable":true,"href":"https:\/\/archive.sana.sy\/es\/index.php?rest_route=%2Fwp%2Fv2%2Ftags&post=335979"}],"curies":[{"name":"wp","href":"https:\/\/api.w.org\/{rel}","templated":true}]}}