{"id":335985,"date":"2024-08-13T20:42:57","date_gmt":"2024-08-13T17:42:57","guid":{"rendered":"https:\/\/sana.sy\/es\/?p=335985"},"modified":"2024-08-13T20:43:09","modified_gmt":"2024-08-13T17:43:09","slug":"condecoran-a-ingenieros-y-tecnicos-que-rehabilitaron-una-central-electrica-en-tiempo-record","status":"publish","type":"post","link":"https:\/\/archive.sana.sy\/es\/?p=335985","title":{"rendered":"Condecoran a ingenieros y t\u00e9cnicos que rehabilitaron una central el\u00e9ctrica en tiempo r\u00e9cord"},"content":{"rendered":"<p style=\"text-align: justify\"><span style=\"color: #800000\"><strong>Hama, 13 ago (SANA)<\/strong><\/span> Encomendado por el presidente Bashar Al-Assad, el ministro de Electricidad, Ghassan Al-Zamil, condecor\u00f3 hoy al personal t\u00e9cnico que llev\u00f3 a cabo el mantenimiento y la reparaci\u00f3n de las turbinas de vapor de la central el\u00e9ctrica de Al-Zara, ubicada en la provincia central de Hama.<\/p>\n<p style=\"text-align: justify\">Al-Zamil elogi\u00f3 la dedicaci\u00f3n de los profesionales que han aportado a implementar los planes de desarrollo y mejorar la productividad del sector el\u00e9ctrico.<\/p>\n<p style=\"text-align: justify\">La condecoraci\u00f3n fue merecida por 412 ingenieros y t\u00e9cnicos que trabajaron 110 d\u00edas consecutivos y llegaron a resultados que cumplen los est\u00e1ndares internacionales que requieren normalmente 150 d\u00edas por este tipo de reparaciones.<\/p>\n<p style=\"text-align: justify\">la\/fm<\/p>\n<div id='gallery-1' class='gallery galleryid-335985 gallery-columns-1 gallery-size-full'><figure class='gallery-item'>\n\t\t\t<div class='gallery-icon landscape'>\n\t\t\t\t<a href='https:\/\/archive.sana.sy\/es\/wp-content\/uploads\/2024\/08\/Al-Zara-4.jpg'><img loading=\"lazy\" decoding=\"async\" width=\"660\" height=\"440\" src=\"https:\/\/archive.sana.sy\/es\/wp-content\/uploads\/2024\/08\/Al-Zara-4.jpg\" class=\"attachment-full size-full\" alt=\"\" srcset=\"https:\/\/archive.sana.sy\/es\/wp-content\/uploads\/2024\/08\/Al-Zara-4.jpg 660w, https:\/\/archive.sana.sy\/es\/wp-content\/uploads\/2024\/08\/Al-Zara-4-300x200.jpg 300w, https:\/\/archive.sana.sy\/es\/wp-content\/uploads\/2024\/08\/Al-Zara-4-150x100.jpg 150w\" sizes=\"(max-width: 660px) 100vw, 660px\" \/><\/a>\n\t\t\t<\/div><\/figure><figure class='gallery-item'>\n\t\t\t<div class='gallery-icon landscape'>\n\t\t\t\t<a href='https:\/\/archive.sana.sy\/es\/wp-content\/uploads\/2024\/08\/Al-Zara-5.jpg'><img loading=\"lazy\" decoding=\"async\" width=\"660\" height=\"440\" src=\"https:\/\/archive.sana.sy\/es\/wp-content\/uploads\/2024\/08\/Al-Zara-5.jpg\" class=\"attachment-full size-full\" alt=\"\" srcset=\"https:\/\/archive.sana.sy\/es\/wp-content\/uploads\/2024\/08\/Al-Zara-5.jpg 660w, https:\/\/archive.sana.sy\/es\/wp-content\/uploads\/2024\/08\/Al-Zara-5-300x200.jpg 300w, https:\/\/archive.sana.sy\/es\/wp-content\/uploads\/2024\/08\/Al-Zara-5-150x100.jpg 150w\" sizes=\"(max-width: 660px) 100vw, 660px\" \/><\/a>\n\t\t\t<\/div><\/figure><figure class='gallery-item'>\n\t\t\t<div class='gallery-icon landscape'>\n\t\t\t\t<a href='https:\/\/archive.sana.sy\/es\/wp-content\/uploads\/2024\/08\/Al-Zara-1.jpg'><img loading=\"lazy\" decoding=\"async\" width=\"660\" height=\"440\" src=\"https:\/\/archive.sana.sy\/es\/wp-content\/uploads\/2024\/08\/Al-Zara-1.jpg\" class=\"attachment-full size-full\" alt=\"\" srcset=\"https:\/\/archive.sana.sy\/es\/wp-content\/uploads\/2024\/08\/Al-Zara-1.jpg 660w, https:\/\/archive.sana.sy\/es\/wp-content\/uploads\/2024\/08\/Al-Zara-1-300x200.jpg 300w, https:\/\/archive.sana.sy\/es\/wp-content\/uploads\/2024\/08\/Al-Zara-1-150x100.jpg 150w\" sizes=\"(max-width: 660px) 100vw, 660px\" \/><\/a>\n\t\t\t<\/div><\/figure><figure class='gallery-item'>\n\t\t\t<div class='gallery-icon landscape'>\n\t\t\t\t<a href='https:\/\/archive.sana.sy\/es\/wp-content\/uploads\/2024\/08\/Al-Zara-2.jpg'><img loading=\"lazy\" decoding=\"async\" width=\"660\" height=\"440\" src=\"https:\/\/archive.sana.sy\/es\/wp-content\/uploads\/2024\/08\/Al-Zara-2.jpg\" class=\"attachment-full size-full\" alt=\"\" srcset=\"https:\/\/archive.sana.sy\/es\/wp-content\/uploads\/2024\/08\/Al-Zara-2.jpg 660w, https:\/\/archive.sana.sy\/es\/wp-content\/uploads\/2024\/08\/Al-Zara-2-300x200.jpg 300w, https:\/\/archive.sana.sy\/es\/wp-content\/uploads\/2024\/08\/Al-Zara-2-150x100.jpg 150w\" sizes=\"(max-width: 660px) 100vw, 660px\" \/><\/a>\n\t\t\t<\/div><\/figure>\n\t\t<\/div>\n\n","protected":false},"excerpt":{"rendered":"<p>Hama, 13 ago (SANA) Encomendado por el presidente Bashar Al-Assad, el ministro de Electricidad, Ghassan Al-Zamil, condecor\u00f3 hoy al personal t\u00e9cnico que llev\u00f3 a cabo el mantenimiento y la reparaci\u00f3n de las turbinas de vapor de la central el\u00e9ctrica de Al-Zara, ubicada en la provincia central de Hama. Al-Zamil elogi\u00f3 la dedicaci\u00f3n de los profesionales &hellip;<\/p>\n","protected":false},"author":24,"featured_media":335986,"comment_status":"closed","ping_status":"closed","sticky":false,"template":"","format":"standard","meta":{"footnotes":""},"categories":[447,597,476,7541],"tags":[],"class_list":["post-335985","post","type-post","status-publish","format-standard","has-post-thumbnail","","category-local-politica","category-cinta-de-noticias","category-locales","category-ultimas-noticias"],"_links":{"self":[{"href":"https:\/\/archive.sana.sy\/es\/index.php?rest_route=\/wp\/v2\/posts\/335985"}],"collection":[{"href":"https:\/\/archive.sana.sy\/es\/index.php?rest_route=\/wp\/v2\/posts"}],"about":[{"href":"https:\/\/archive.sana.sy\/es\/index.php?rest_route=\/wp\/v2\/types\/post"}],"author":[{"embeddable":true,"href":"https:\/\/archive.sana.sy\/es\/index.php?rest_route=\/wp\/v2\/users\/24"}],"replies":[{"embeddable":true,"href":"https:\/\/archive.sana.sy\/es\/index.php?rest_route=%2Fwp%2Fv2%2Fcomments&post=335985"}],"version-history":[{"count":1,"href":"https:\/\/archive.sana.sy\/es\/index.php?rest_route=\/wp\/v2\/posts\/335985\/revisions"}],"predecessor-version":[{"id":335991,"href":"https:\/\/archive.sana.sy\/es\/index.php?rest_route=\/wp\/v2\/posts\/335985\/revisions\/335991"}],"wp:featuredmedia":[{"embeddable":true,"href":"https:\/\/archive.sana.sy\/es\/index.php?rest_route=\/wp\/v2\/media\/335986"}],"wp:attachment":[{"href":"https:\/\/archive.sana.sy\/es\/index.php?rest_route=%2Fwp%2Fv2%2Fmedia&parent=335985"}],"wp:term":[{"taxonomy":"category","embeddable":true,"href":"https:\/\/archive.sana.sy\/es\/index.php?rest_route=%2Fwp%2Fv2%2Fcategories&post=335985"},{"taxonomy":"post_tag","embeddable":true,"href":"https:\/\/archive.sana.sy\/es\/index.php?rest_route=%2Fwp%2Fv2%2Ftags&post=335985"}],"curies":[{"name":"wp","href":"https:\/\/api.w.org\/{rel}","templated":true}]}}