{"id":335997,"date":"2024-08-14T11:57:06","date_gmt":"2024-08-14T08:57:06","guid":{"rendered":"https:\/\/sana.sy\/es\/?p=335997"},"modified":"2024-08-14T11:58:33","modified_gmt":"2024-08-14T08:58:33","slug":"la-agresion-genocida-israeli-contra-gaza-entra-en-su-dia-313","status":"publish","type":"post","link":"https:\/\/archive.sana.sy\/es\/?p=335997","title":{"rendered":"La agresi\u00f3n genocida israel\u00ed contra Gaza entra en su d\u00eda 313"},"content":{"rendered":"<p style=\"text-align: justify;\"><span style=\"color: #800000;\"><strong>Jerusal\u00e9n ocupada, 14 ago (SANA)\u00a0<\/strong><\/span> \u00a0Al menos 20 palestinos murieron y decenas resultaron heridos por los bombardeos del ej\u00e9rcito de ocupaci\u00f3n israel\u00ed contra varias zonas de la Franja de Gaza.<\/p>\n<p style=\"text-align: justify;\">La agencia Wafa inform\u00f3 que la aviaci\u00f3n israel\u00ed bombarde\u00f3 viviendas en los campamentos de Nuseirat y Al-Maghazi en el centro del enclave costero y en Khan Yunis en el sur, lo que provoc\u00f3 la muerte de 15 palestinos y decenas de heridos.<\/p>\n<p style=\"text-align: justify;\">Dos palestinos fallecieron y otros fueron lesionados por disparos de los francotiradores israel\u00edes en la ciudad de Bani Suhaila, al este de Khan Yunis, mientras que tres palestinos perecieron por bombardeo al barrio de Tal al-Sultan, al oeste de Rafah, en el sur de Gaza.<\/p>\n<p style=\"text-align: justify;\">A su vez, la artiller\u00eda atac\u00f3 las zonas occidental y septentrional de la ciudad de Rafah y los barrios de Al-Sabra y Al-Zaytoun en la ciudad de Gaza.<\/p>\n<p style=\"text-align: justify;\">El Ministerio de Salud palestino anunci\u00f3 que el n\u00famero de v\u00edctimas en Gaza desde el 7 de octubre pasado, aument\u00f3 a 39 mil 929 muertos y 92 mil 240 heridos.<\/p>\n<p style=\"text-align: justify;\"><span style=\"color: #800000;\"><strong>fm\/ws<\/strong><\/span><\/p>\n","protected":false},"excerpt":{"rendered":"<p>Jerusal\u00e9n ocupada, 14 ago (SANA)\u00a0 \u00a0Al menos 20 palestinos murieron y decenas resultaron heridos por los bombardeos del ej\u00e9rcito de ocupaci\u00f3n israel\u00ed contra varias zonas de la Franja de Gaza. La agencia Wafa inform\u00f3 que la aviaci\u00f3n israel\u00ed bombarde\u00f3 viviendas en los campamentos de Nuseirat y Al-Maghazi en el centro del enclave costero y en &hellip;<\/p>\n","protected":false},"author":35,"featured_media":335999,"comment_status":"closed","ping_status":"closed","sticky":false,"template":"","format":"standard","meta":{"footnotes":""},"categories":[597,456,16687,20724,583],"tags":[],"class_list":["post-335997","post","type-post","status-publish","format-standard","has-post-thumbnail","","category-cinta-de-noticias","category-arabe-internacional-politica","category-internacionales","category-minuto-a-minuto","category-slide"],"_links":{"self":[{"href":"https:\/\/archive.sana.sy\/es\/index.php?rest_route=\/wp\/v2\/posts\/335997"}],"collection":[{"href":"https:\/\/archive.sana.sy\/es\/index.php?rest_route=\/wp\/v2\/posts"}],"about":[{"href":"https:\/\/archive.sana.sy\/es\/index.php?rest_route=\/wp\/v2\/types\/post"}],"author":[{"embeddable":true,"href":"https:\/\/archive.sana.sy\/es\/index.php?rest_route=\/wp\/v2\/users\/35"}],"replies":[{"embeddable":true,"href":"https:\/\/archive.sana.sy\/es\/index.php?rest_route=%2Fwp%2Fv2%2Fcomments&post=335997"}],"version-history":[{"count":2,"href":"https:\/\/archive.sana.sy\/es\/index.php?rest_route=\/wp\/v2\/posts\/335997\/revisions"}],"predecessor-version":[{"id":336000,"href":"https:\/\/archive.sana.sy\/es\/index.php?rest_route=\/wp\/v2\/posts\/335997\/revisions\/336000"}],"wp:featuredmedia":[{"embeddable":true,"href":"https:\/\/archive.sana.sy\/es\/index.php?rest_route=\/wp\/v2\/media\/335999"}],"wp:attachment":[{"href":"https:\/\/archive.sana.sy\/es\/index.php?rest_route=%2Fwp%2Fv2%2Fmedia&parent=335997"}],"wp:term":[{"taxonomy":"category","embeddable":true,"href":"https:\/\/archive.sana.sy\/es\/index.php?rest_route=%2Fwp%2Fv2%2Fcategories&post=335997"},{"taxonomy":"post_tag","embeddable":true,"href":"https:\/\/archive.sana.sy\/es\/index.php?rest_route=%2Fwp%2Fv2%2Ftags&post=335997"}],"curies":[{"name":"wp","href":"https:\/\/api.w.org\/{rel}","templated":true}]}}