{"id":336001,"date":"2024-08-14T12:03:50","date_gmt":"2024-08-14T09:03:50","guid":{"rendered":"https:\/\/sana.sy\/es\/?p=336001"},"modified":"2024-08-14T12:04:12","modified_gmt":"2024-08-14T09:04:12","slug":"onu-israel-prohibe-la-entrada-de-misiones-humanitarias-a-gaza","status":"publish","type":"post","link":"https:\/\/archive.sana.sy\/es\/?p=336001","title":{"rendered":"ONU: &#8220;Israel&#8221; proh\u00edbe la entrada de misiones humanitarias a Gaza"},"content":{"rendered":"<p style=\"text-align: justify;\"><span style=\"color: #800000;\"><strong>Nueva York, 14 ago (SANA)\u00a0<\/strong><\/span> \u00a0La Oficina de las Naciones Unidas para la Coordinaci\u00f3n de Asuntos Humanitarios (OCHA) revel\u00f3 que el r\u00e9gimen israel\u00ed neg\u00f3 los permisos a las misiones humanitarias para entrar a la Franja de Gaza durante el per\u00edodo del 1 al 11 de agosto.<\/p>\n<p style=\"text-align: justify;\">En un informe publicado en su sitio web, OCHA confirm\u00f3 que desde el 1 de agosto, las autoridades israel\u00edes han aprobado s\u00f3lo 34 de 85 solicitudes de misiones coordinadas de ayuda humanitaria en el norte del enclave costero.<\/p>\n<p style=\"text-align: justify;\">Bloquear la entrada de los convoyes de ayuda humanitaria a los gazat\u00edes socava los esfuerzos destinados a satisfacer las necesidades humanitarias urgentes, agreg\u00f3 el informe.<\/p>\n<p style=\"text-align: justify;\">El 22 de julio pasado, el gobierno israel\u00ed vot\u00f3 en primera lectura un proyecto de ley que corta relaciones con la Agencia de las Naciones Unidas para los Refugiados de Palestina en Medio Oriente \u201cUNRWA\u201d y la declar\u00f3 organizaci\u00f3n terrorista.<\/p>\n<p style=\"text-align: justify;\"><span style=\"color: #800000;\"><strong>ws\/fm<\/strong><\/span><\/p>\n","protected":false},"excerpt":{"rendered":"<p>Nueva York, 14 ago (SANA)\u00a0 \u00a0La Oficina de las Naciones Unidas para la Coordinaci\u00f3n de Asuntos Humanitarios (OCHA) revel\u00f3 que el r\u00e9gimen israel\u00ed neg\u00f3 los permisos a las misiones humanitarias para entrar a la Franja de Gaza durante el per\u00edodo del 1 al 11 de agosto. En un informe publicado en su sitio web, OCHA &hellip;<\/p>\n","protected":false},"author":35,"featured_media":336002,"comment_status":"closed","ping_status":"closed","sticky":false,"template":"","format":"standard","meta":{"footnotes":""},"categories":[597,456,16687,20724,7541],"tags":[],"class_list":["post-336001","post","type-post","status-publish","format-standard","has-post-thumbnail","","category-cinta-de-noticias","category-arabe-internacional-politica","category-internacionales","category-minuto-a-minuto","category-ultimas-noticias"],"_links":{"self":[{"href":"https:\/\/archive.sana.sy\/es\/index.php?rest_route=\/wp\/v2\/posts\/336001"}],"collection":[{"href":"https:\/\/archive.sana.sy\/es\/index.php?rest_route=\/wp\/v2\/posts"}],"about":[{"href":"https:\/\/archive.sana.sy\/es\/index.php?rest_route=\/wp\/v2\/types\/post"}],"author":[{"embeddable":true,"href":"https:\/\/archive.sana.sy\/es\/index.php?rest_route=\/wp\/v2\/users\/35"}],"replies":[{"embeddable":true,"href":"https:\/\/archive.sana.sy\/es\/index.php?rest_route=%2Fwp%2Fv2%2Fcomments&post=336001"}],"version-history":[{"count":2,"href":"https:\/\/archive.sana.sy\/es\/index.php?rest_route=\/wp\/v2\/posts\/336001\/revisions"}],"predecessor-version":[{"id":336004,"href":"https:\/\/archive.sana.sy\/es\/index.php?rest_route=\/wp\/v2\/posts\/336001\/revisions\/336004"}],"wp:featuredmedia":[{"embeddable":true,"href":"https:\/\/archive.sana.sy\/es\/index.php?rest_route=\/wp\/v2\/media\/336002"}],"wp:attachment":[{"href":"https:\/\/archive.sana.sy\/es\/index.php?rest_route=%2Fwp%2Fv2%2Fmedia&parent=336001"}],"wp:term":[{"taxonomy":"category","embeddable":true,"href":"https:\/\/archive.sana.sy\/es\/index.php?rest_route=%2Fwp%2Fv2%2Fcategories&post=336001"},{"taxonomy":"post_tag","embeddable":true,"href":"https:\/\/archive.sana.sy\/es\/index.php?rest_route=%2Fwp%2Fv2%2Ftags&post=336001"}],"curies":[{"name":"wp","href":"https:\/\/api.w.org\/{rel}","templated":true}]}}