{"id":336012,"date":"2024-08-14T14:02:01","date_gmt":"2024-08-14T11:02:01","guid":{"rendered":"https:\/\/sana.sy\/es\/?p=336012"},"modified":"2024-08-14T14:02:01","modified_gmt":"2024-08-14T11:02:01","slug":"ejercito-israeli-reconoce-que-10-mil-de-sus-soldados-fueron-afectados-por-la-guerra-en-gaza","status":"publish","type":"post","link":"https:\/\/archive.sana.sy\/es\/?p=336012","title":{"rendered":"Ej\u00e9rcito israel\u00ed reconoce que 10 mil de sus soldados fueron afectados por la guerra en Gaza"},"content":{"rendered":"<blockquote>\n<p style=\"text-align: justify;\"><span style=\"color: #800000;\"><strong>El 68 por ciento de los afectados son reservistas y el 51 por ciento tiene de 18 a 30 a\u00f1os.<\/strong><\/span><\/p>\n<\/blockquote>\n<p style=\"text-align: justify;\"><span style=\"color: #800000;\"><strong>Jersusal\u00e9n ocupada, 14 ago (SANA)\u00a0\u00a0<\/strong><\/span> El Departamento de Rehabilitaci\u00f3n del Ministerio de Defensa de &#8220;Israel&#8221; revel\u00f3 hoy que al menos 10 mil soldados israel\u00edes recibieron tratamiento m\u00e9dico desde el inicio de la guerra contra Gaza, el 7 de octubre de 2023.<\/p>\n<p>En un comunicado, la referida cartera puntualiz\u00f3 que unos tres mil 500 uniformados sufren trastorno de estr\u00e9s postraum\u00e1tico u otros problemas similares.<\/p>\n<p style=\"text-align: justify;\">Precis\u00f3 que 37 por ciento del total de afectados fueron tratados por lesiones f\u00edsicas en sus extremidades.<\/p>\n<p style=\"text-align: justify;\">La nota indic\u00f3 que el 68 por ciento de los afectados son reservistas y el 51 por ciento tiene de 18 a 30 a\u00f1os.<\/p>\n<p style=\"text-align: justify;\">De acuerdo con el ente castrense, 332 militares perdieron la vida en en enfrentamientos con la resistencia en Gaza y 15 m\u00e1s por el fuego de la resistencia libanesa.<\/p>\n<p><span style=\"color: #800000;\"><strong>fm\/ws<\/strong><\/span><\/p>\n","protected":false},"excerpt":{"rendered":"<p>El 68 por ciento de los afectados son reservistas y el 51 por ciento tiene de 18 a 30 a\u00f1os. Jersusal\u00e9n ocupada, 14 ago (SANA)\u00a0\u00a0 El Departamento de Rehabilitaci\u00f3n del Ministerio de Defensa de &#8220;Israel&#8221; revel\u00f3 hoy que al menos 10 mil soldados israel\u00edes recibieron tratamiento m\u00e9dico desde el inicio de la guerra contra Gaza, &hellip;<\/p>\n","protected":false},"author":35,"featured_media":336013,"comment_status":"closed","ping_status":"closed","sticky":false,"template":"","format":"standard","meta":{"footnotes":""},"categories":[597,456,16687,20724,583],"tags":[],"class_list":["post-336012","post","type-post","status-publish","format-standard","has-post-thumbnail","","category-cinta-de-noticias","category-arabe-internacional-politica","category-internacionales","category-minuto-a-minuto","category-slide"],"_links":{"self":[{"href":"https:\/\/archive.sana.sy\/es\/index.php?rest_route=\/wp\/v2\/posts\/336012"}],"collection":[{"href":"https:\/\/archive.sana.sy\/es\/index.php?rest_route=\/wp\/v2\/posts"}],"about":[{"href":"https:\/\/archive.sana.sy\/es\/index.php?rest_route=\/wp\/v2\/types\/post"}],"author":[{"embeddable":true,"href":"https:\/\/archive.sana.sy\/es\/index.php?rest_route=\/wp\/v2\/users\/35"}],"replies":[{"embeddable":true,"href":"https:\/\/archive.sana.sy\/es\/index.php?rest_route=%2Fwp%2Fv2%2Fcomments&post=336012"}],"version-history":[{"count":1,"href":"https:\/\/archive.sana.sy\/es\/index.php?rest_route=\/wp\/v2\/posts\/336012\/revisions"}],"predecessor-version":[{"id":336014,"href":"https:\/\/archive.sana.sy\/es\/index.php?rest_route=\/wp\/v2\/posts\/336012\/revisions\/336014"}],"wp:featuredmedia":[{"embeddable":true,"href":"https:\/\/archive.sana.sy\/es\/index.php?rest_route=\/wp\/v2\/media\/336013"}],"wp:attachment":[{"href":"https:\/\/archive.sana.sy\/es\/index.php?rest_route=%2Fwp%2Fv2%2Fmedia&parent=336012"}],"wp:term":[{"taxonomy":"category","embeddable":true,"href":"https:\/\/archive.sana.sy\/es\/index.php?rest_route=%2Fwp%2Fv2%2Fcategories&post=336012"},{"taxonomy":"post_tag","embeddable":true,"href":"https:\/\/archive.sana.sy\/es\/index.php?rest_route=%2Fwp%2Fv2%2Ftags&post=336012"}],"curies":[{"name":"wp","href":"https:\/\/api.w.org\/{rel}","templated":true}]}}