{"id":33602,"date":"2015-11-15T18:46:10","date_gmt":"2015-11-15T16:46:10","guid":{"rendered":"http:\/\/sana.sy\/es\/?p=33602"},"modified":"2015-11-15T19:20:41","modified_gmt":"2015-11-15T17:20:41","slug":"siria-y-checa-acuerdan-continuar-la-cooperacion-bilateral-en-todos-los-ambitos","status":"publish","type":"post","link":"https:\/\/archive.sana.sy\/es\/?p=33602","title":{"rendered":"Siria y Checa acuerdan continuar la cooperaci\u00f3n bilateral en todos los \u00e1mbitos"},"content":{"rendered":"<p>Damasc-SANA<\/p>\n<p>El ministro de turismo Bishr Yazigi examin\u00f3 con el vicecanciller de la Rep\u00fablica checa para asunto econ\u00f3mico y comercial, Martin Tlapa, las v\u00edas de promover las relaciones de cooperaci\u00f3n en todos los \u00e1mbitos, en particular en el sector tur\u00edstico.<\/p>\n<p>El titular de turismo aclar\u00f3 que Siria y la Rep\u00fablica Checa tienen la oportunidad de firmar acuerdos y memor\u00e1ndum de entendimiento en varios campos como la restauraci\u00f3n de sitios arqueol\u00f3gicos, la formaci\u00f3n de personal del turismo, la organizaci\u00f3n de cursos tur\u00edsticos y el turismo de salud.<\/p>\n<p>Subray\u00f3 durante la reuni\u00f3n que el pueblo sirio, debido a su historia y conciencia, nunca olvidar\u00e1 la postura objetiva de la Rep\u00fablica Checa respecto a lo que est\u00e1 sucediendo en Siria.<\/p>\n<p>Yazigi opin\u00f3 que el mayor desaf\u00edo para el sector tur\u00edstico es como podr\u00eda jugar un papel constructivo en la reconstrucci\u00f3n del pa\u00eds, pues sus ingresos sirven como sost\u00e9n a\u00a0la tesorer\u00eda del estado.<\/p>\n<p>Se\u00f1al\u00f3 que el sector tur\u00edstico en Siria sufri\u00f3 significativos da\u00f1os debido a los actos de sabotaje y al contrabando de piezas arqueol\u00f3gicas practicado por parte de las organizaciones terroristas, especialmente en Palmira y Alepo.<\/p>\n<p>\u00a8Siria fue uno de los pa\u00edses m\u00e1s seguros del mundo, especialmente para los turistas\u00a8, recalc\u00f3.<\/p>\n<p>Por su parte, el viceministro de exterior checo habl\u00f3 de futuros planes entre ambos pa\u00edses como aumentar la cooperaci\u00f3n bilateral en el \u00e1mbito tur\u00edstico.<\/p>\n<p>\u00a8La Rep\u00fablica Checa no ha cerrado su embajada en Damasco&#8230;Mi visita es importante para promover las relaciones entre ambos pa\u00edses\u00a8, confirm\u00f3.<\/p>\n<p>Tlapa hizo hincapi\u00e9 en que su pa\u00eds ayudar\u00eda en la reconstrucci\u00f3n de Siria y en la restauraci\u00f3n de los sitios arqueol\u00f3gicos da\u00f1ados.<\/p>\n<p>Yamil K.<\/p>\n","protected":false},"excerpt":{"rendered":"<p>Damasc-SANA El ministro de turismo Bishr Yazigi examin\u00f3 con el vicecanciller de la Rep\u00fablica checa para asunto econ\u00f3mico y comercial, Martin Tlapa, las v\u00edas de promover las relaciones de cooperaci\u00f3n en todos los \u00e1mbitos, en particular en el sector tur\u00edstico. El titular de turismo aclar\u00f3 que Siria y la Rep\u00fablica Checa tienen la oportunidad de &hellip;<\/p>\n","protected":false},"author":1,"featured_media":33603,"comment_status":"closed","ping_status":"closed","sticky":false,"template":"","format":"standard","meta":{"footnotes":""},"categories":[477,476],"tags":[],"class_list":["post-33602","post","type-post","status-publish","format-standard","has-post-thumbnail","","category-noticias-edulcorantes","category-locales"],"_links":{"self":[{"href":"https:\/\/archive.sana.sy\/es\/index.php?rest_route=\/wp\/v2\/posts\/33602"}],"collection":[{"href":"https:\/\/archive.sana.sy\/es\/index.php?rest_route=\/wp\/v2\/posts"}],"about":[{"href":"https:\/\/archive.sana.sy\/es\/index.php?rest_route=\/wp\/v2\/types\/post"}],"author":[{"embeddable":true,"href":"https:\/\/archive.sana.sy\/es\/index.php?rest_route=\/wp\/v2\/users\/1"}],"replies":[{"embeddable":true,"href":"https:\/\/archive.sana.sy\/es\/index.php?rest_route=%2Fwp%2Fv2%2Fcomments&post=33602"}],"version-history":[{"count":0,"href":"https:\/\/archive.sana.sy\/es\/index.php?rest_route=\/wp\/v2\/posts\/33602\/revisions"}],"wp:featuredmedia":[{"embeddable":true,"href":"https:\/\/archive.sana.sy\/es\/index.php?rest_route=\/wp\/v2\/media\/33603"}],"wp:attachment":[{"href":"https:\/\/archive.sana.sy\/es\/index.php?rest_route=%2Fwp%2Fv2%2Fmedia&parent=33602"}],"wp:term":[{"taxonomy":"category","embeddable":true,"href":"https:\/\/archive.sana.sy\/es\/index.php?rest_route=%2Fwp%2Fv2%2Fcategories&post=33602"},{"taxonomy":"post_tag","embeddable":true,"href":"https:\/\/archive.sana.sy\/es\/index.php?rest_route=%2Fwp%2Fv2%2Ftags&post=33602"}],"curies":[{"name":"wp","href":"https:\/\/api.w.org\/{rel}","templated":true}]}}