{"id":336026,"date":"2024-08-14T15:56:46","date_gmt":"2024-08-14T12:56:46","guid":{"rendered":"https:\/\/sana.sy\/es\/?p=336026"},"modified":"2024-08-14T16:57:19","modified_gmt":"2024-08-14T13:57:19","slug":"canciller-sirio-recibe-cartas-credencias-del-embajador-no-residente-de-nicaragua","status":"publish","type":"post","link":"https:\/\/archive.sana.sy\/es\/?p=336026","title":{"rendered":"Canciller sirio recibe cartas credencias del embajador no residente de Nicaragua"},"content":{"rendered":"<blockquote>\n<p style=\"text-align: justify\"><span style=\"color: #ff6600\">El ministro sirio de Asuntos Exteriores y Expatriados, Faisal Al-Mekdad dio la bienvenida al diplom\u00e1tico y le dese\u00f3 \u00e9xito en su misi\u00f3n.<\/span><\/p>\n<\/blockquote>\n<p style=\"text-align: justify\"><span style=\"color: #800000\"><strong>Damasco, 14 ago (SANA)\u00a0<\/strong><\/span> El ministro sirio de Asuntos Exteriores y Expatriados, Faisal Al-Mekdad, recibi\u00f3 hoy las cartas credenciales de Ram\u00f3n Moncada Colindres, el embajador no residente de Nicaragua en la Rep\u00fablica \u00c1rabe Siria.<\/p>\n<p style=\"text-align: justify\">El Canciller dio la bienvenida al diplom\u00e1tico y le dese\u00f3 \u00e9xito en su misi\u00f3n.<\/p>\n<p style=\"text-align: justify\">Las dos partes repasaron los aspectos de cooperaci\u00f3n entre los dos pa\u00edses amigos, y resaltaron la necesidad de trabajar para fortalecer las relaciones bilaterales en diversos campos.<\/p>\n<p>fm<\/p>\n<p><img loading=\"lazy\" decoding=\"async\" class=\"wp-image-336028 aligncenter\" src=\"http:\/\/sana.sy\/es\/wp-content\/uploads\/2024\/08\/photo_2024-08-14_15-53-58.jpg\" alt=\"\" width=\"758\" height=\"494\" srcset=\"https:\/\/archive.sana.sy\/es\/wp-content\/uploads\/2024\/08\/photo_2024-08-14_15-53-58.jpg 1280w, https:\/\/archive.sana.sy\/es\/wp-content\/uploads\/2024\/08\/photo_2024-08-14_15-53-58-300x195.jpg 300w, https:\/\/archive.sana.sy\/es\/wp-content\/uploads\/2024\/08\/photo_2024-08-14_15-53-58-1024x667.jpg 1024w, https:\/\/archive.sana.sy\/es\/wp-content\/uploads\/2024\/08\/photo_2024-08-14_15-53-58-150x98.jpg 150w, https:\/\/archive.sana.sy\/es\/wp-content\/uploads\/2024\/08\/photo_2024-08-14_15-53-58-768x500.jpg 768w\" sizes=\"(max-width: 758px) 100vw, 758px\" \/><\/p>\n","protected":false},"excerpt":{"rendered":"<p>El ministro sirio de Asuntos Exteriores y Expatriados, Faisal Al-Mekdad dio la bienvenida al diplom\u00e1tico y le dese\u00f3 \u00e9xito en su misi\u00f3n. Damasco, 14 ago (SANA)\u00a0 El ministro sirio de Asuntos Exteriores y Expatriados, Faisal Al-Mekdad, recibi\u00f3 hoy las cartas credenciales de Ram\u00f3n Moncada Colindres, el embajador no residente de Nicaragua en la Rep\u00fablica \u00c1rabe &hellip;<\/p>\n","protected":false},"author":34,"featured_media":336027,"comment_status":"closed","ping_status":"closed","sticky":false,"template":"","format":"standard","meta":{"footnotes":""},"categories":[597,456,20724,476,583],"tags":[],"class_list":["post-336026","post","type-post","status-publish","format-standard","has-post-thumbnail","","category-cinta-de-noticias","category-arabe-internacional-politica","category-minuto-a-minuto","category-locales","category-slide"],"_links":{"self":[{"href":"https:\/\/archive.sana.sy\/es\/index.php?rest_route=\/wp\/v2\/posts\/336026"}],"collection":[{"href":"https:\/\/archive.sana.sy\/es\/index.php?rest_route=\/wp\/v2\/posts"}],"about":[{"href":"https:\/\/archive.sana.sy\/es\/index.php?rest_route=\/wp\/v2\/types\/post"}],"author":[{"embeddable":true,"href":"https:\/\/archive.sana.sy\/es\/index.php?rest_route=\/wp\/v2\/users\/34"}],"replies":[{"embeddable":true,"href":"https:\/\/archive.sana.sy\/es\/index.php?rest_route=%2Fwp%2Fv2%2Fcomments&post=336026"}],"version-history":[{"count":2,"href":"https:\/\/archive.sana.sy\/es\/index.php?rest_route=\/wp\/v2\/posts\/336026\/revisions"}],"predecessor-version":[{"id":336033,"href":"https:\/\/archive.sana.sy\/es\/index.php?rest_route=\/wp\/v2\/posts\/336026\/revisions\/336033"}],"wp:featuredmedia":[{"embeddable":true,"href":"https:\/\/archive.sana.sy\/es\/index.php?rest_route=\/wp\/v2\/media\/336027"}],"wp:attachment":[{"href":"https:\/\/archive.sana.sy\/es\/index.php?rest_route=%2Fwp%2Fv2%2Fmedia&parent=336026"}],"wp:term":[{"taxonomy":"category","embeddable":true,"href":"https:\/\/archive.sana.sy\/es\/index.php?rest_route=%2Fwp%2Fv2%2Fcategories&post=336026"},{"taxonomy":"post_tag","embeddable":true,"href":"https:\/\/archive.sana.sy\/es\/index.php?rest_route=%2Fwp%2Fv2%2Ftags&post=336026"}],"curies":[{"name":"wp","href":"https:\/\/api.w.org\/{rel}","templated":true}]}}