{"id":336034,"date":"2024-08-14T17:47:47","date_gmt":"2024-08-14T14:47:47","guid":{"rendered":"https:\/\/sana.sy\/es\/?p=336034"},"modified":"2024-08-14T17:58:30","modified_gmt":"2024-08-14T14:58:30","slug":"siria-y-pakistan-revisan-vias-de-impulsar-la-cooperacion-binacional-en-materia-turistica","status":"publish","type":"post","link":"https:\/\/archive.sana.sy\/es\/?p=336034","title":{"rendered":"Siria y Pakist\u00e1n revisan v\u00edas de impulsar la cooperaci\u00f3n binacional en materia tur\u00edstica"},"content":{"rendered":"<p style=\"text-align: justify\"><span style=\"color: #800000\"><strong>Damasco, 14 ago (SANA)<\/strong><\/span> El ministro de Turismo, Muhammad Rami Martini se reuni\u00f3 hoy con el embajador de Pakist\u00e1n ante Damasco, Shahid Akhtar, y varios turoperadores pakistan\u00edes en la sede del Ministerio.<\/p>\n<p style=\"text-align: justify\">Durante el encuentro, ambas partes estudiaron las formas de mejorar y ampliar el trabajo tur\u00edstico entre los dos pa\u00edses.<\/p>\n<p style=\"text-align: justify\">En declaraciones a SANA, el ministro Martini destac\u00f3 el constante desarrollo de las relaciones bilaterales en todos los \u00e1mbitos, especialmente en el campo tur\u00edstico, revelando que el n\u00famero de ciudadanos paquistan\u00edes que visitaron Siria durante el a\u00f1o pasado para hacer turismo cultural y religioso lleg\u00f3 a 22 mil.<\/p>\n<p style=\"text-align: justify\">Se\u00f1al\u00f3 que el grupo pakistan\u00ed con el que se encontr\u00f3 hoy incluy\u00f3 a empresarios\u00a0 e importantes operadores tur\u00edsticos.<\/p>\n<p style=\"text-align: justify\">A su vez, el embajador pakistan\u00ed \u00a0resalt\u00f3 que la visita de la misi\u00f3n a Siria se produce hoy para explorar a Siria posguerra, e inform\u00f3 que varias agencias de viaje sirias se dirigir\u00e1n a Pakist\u00e1n en el pr\u00f3ximo mes para coordinar el intercambio de grupos tur\u00edsticos.<img loading=\"lazy\" decoding=\"async\" class=\"size-full wp-image-336037 aligncenter\" src=\"http:\/\/sana.sy\/es\/wp-content\/uploads\/2024\/08\/Martini-Embajador-de-Pakistan-1.jpg\" alt=\"\" width=\"660\" height=\"439\" srcset=\"https:\/\/archive.sana.sy\/es\/wp-content\/uploads\/2024\/08\/Martini-Embajador-de-Pakistan-1.jpg 660w, https:\/\/archive.sana.sy\/es\/wp-content\/uploads\/2024\/08\/Martini-Embajador-de-Pakistan-1-300x200.jpg 300w, https:\/\/archive.sana.sy\/es\/wp-content\/uploads\/2024\/08\/Martini-Embajador-de-Pakistan-1-150x100.jpg 150w, https:\/\/archive.sana.sy\/es\/wp-content\/uploads\/2024\/08\/Martini-Embajador-de-Pakistan-1-310x205.jpg 310w\" sizes=\"(max-width: 660px) 100vw, 660px\" \/><\/p>\n<p>&nbsp;<\/p>\n<p style=\"text-align: justify\">la<\/p>\n","protected":false},"excerpt":{"rendered":"<p>Damasco, 14 ago (SANA) El ministro de Turismo, Muhammad Rami Martini se reuni\u00f3 hoy con el embajador de Pakist\u00e1n ante Damasco, Shahid Akhtar, y varios turoperadores pakistan\u00edes en la sede del Ministerio. Durante el encuentro, ambas partes estudiaron las formas de mejorar y ampliar el trabajo tur\u00edstico entre los dos pa\u00edses. En declaraciones a SANA, &hellip;<\/p>\n","protected":false},"author":24,"featured_media":336035,"comment_status":"closed","ping_status":"closed","sticky":false,"template":"","format":"standard","meta":{"footnotes":""},"categories":[447,597,20724,476,7541],"tags":[],"class_list":["post-336034","post","type-post","status-publish","format-standard","has-post-thumbnail","","category-local-politica","category-cinta-de-noticias","category-minuto-a-minuto","category-locales","category-ultimas-noticias"],"_links":{"self":[{"href":"https:\/\/archive.sana.sy\/es\/index.php?rest_route=\/wp\/v2\/posts\/336034"}],"collection":[{"href":"https:\/\/archive.sana.sy\/es\/index.php?rest_route=\/wp\/v2\/posts"}],"about":[{"href":"https:\/\/archive.sana.sy\/es\/index.php?rest_route=\/wp\/v2\/types\/post"}],"author":[{"embeddable":true,"href":"https:\/\/archive.sana.sy\/es\/index.php?rest_route=\/wp\/v2\/users\/24"}],"replies":[{"embeddable":true,"href":"https:\/\/archive.sana.sy\/es\/index.php?rest_route=%2Fwp%2Fv2%2Fcomments&post=336034"}],"version-history":[{"count":3,"href":"https:\/\/archive.sana.sy\/es\/index.php?rest_route=\/wp\/v2\/posts\/336034\/revisions"}],"predecessor-version":[{"id":336039,"href":"https:\/\/archive.sana.sy\/es\/index.php?rest_route=\/wp\/v2\/posts\/336034\/revisions\/336039"}],"wp:featuredmedia":[{"embeddable":true,"href":"https:\/\/archive.sana.sy\/es\/index.php?rest_route=\/wp\/v2\/media\/336035"}],"wp:attachment":[{"href":"https:\/\/archive.sana.sy\/es\/index.php?rest_route=%2Fwp%2Fv2%2Fmedia&parent=336034"}],"wp:term":[{"taxonomy":"category","embeddable":true,"href":"https:\/\/archive.sana.sy\/es\/index.php?rest_route=%2Fwp%2Fv2%2Fcategories&post=336034"},{"taxonomy":"post_tag","embeddable":true,"href":"https:\/\/archive.sana.sy\/es\/index.php?rest_route=%2Fwp%2Fv2%2Ftags&post=336034"}],"curies":[{"name":"wp","href":"https:\/\/api.w.org\/{rel}","templated":true}]}}