{"id":336040,"date":"2024-08-14T18:09:07","date_gmt":"2024-08-14T15:09:07","guid":{"rendered":"https:\/\/sana.sy\/es\/?p=336040"},"modified":"2024-08-14T18:09:07","modified_gmt":"2024-08-14T15:09:07","slug":"fuerzas-rusas-capturan-a-militares-ucranianos-en-kursk","status":"publish","type":"post","link":"https:\/\/archive.sana.sy\/es\/?p=336040","title":{"rendered":"Fuerzas rusas capturan a militares ucranianos en Kursk"},"content":{"rendered":"<p style=\"text-align: justify\"><span style=\"color: #800000\"><strong>Mosc\u00fa, 14 ago (SANA)<\/strong><\/span> El Ministerio de Defensa de Rusia public\u00f3 un video de la captura de soldados de las Brigadas de Asalto Aerotransportado de las Fuerzas Armadas de Ucrania, en tres localidades de la provincia rusa de Kursk.<\/p>\n<p style=\"text-align: justify\">Seg\u00fan el comunicado del organismo que fue citado por RT, 18 militares ucranianos fueron hechos prisioneros.<\/p>\n<p style=\"text-align: justify\">Adem\u00e1s, se reporta que en la zona fueron detectados y destruidos dos grupos en camionetas y que fueron repelidos 6 ataques.<\/p>\n<p style=\"text-align: justify\">En las \u00faltimas 24 horas, las p\u00e9rdidas de Ucrania ascendieron a 270 soldados y 16 veh\u00edculos blindados. En total, las fuerzas ucranianas han perdido hasta 2.300 soldados en la provincia rusa.<\/p>\n<p>fm\/la<\/p>\n","protected":false},"excerpt":{"rendered":"<p>Mosc\u00fa, 14 ago (SANA) El Ministerio de Defensa de Rusia public\u00f3 un video de la captura de soldados de las Brigadas de Asalto Aerotransportado de las Fuerzas Armadas de Ucrania, en tres localidades de la provincia rusa de Kursk. Seg\u00fan el comunicado del organismo que fue citado por RT, 18 militares ucranianos fueron hechos prisioneros. &hellip;<\/p>\n","protected":false},"author":24,"featured_media":336041,"comment_status":"closed","ping_status":"closed","sticky":false,"template":"","format":"standard","meta":{"footnotes":""},"categories":[597,456,20724,7541],"tags":[],"class_list":["post-336040","post","type-post","status-publish","format-standard","has-post-thumbnail","","category-cinta-de-noticias","category-arabe-internacional-politica","category-minuto-a-minuto","category-ultimas-noticias"],"_links":{"self":[{"href":"https:\/\/archive.sana.sy\/es\/index.php?rest_route=\/wp\/v2\/posts\/336040"}],"collection":[{"href":"https:\/\/archive.sana.sy\/es\/index.php?rest_route=\/wp\/v2\/posts"}],"about":[{"href":"https:\/\/archive.sana.sy\/es\/index.php?rest_route=\/wp\/v2\/types\/post"}],"author":[{"embeddable":true,"href":"https:\/\/archive.sana.sy\/es\/index.php?rest_route=\/wp\/v2\/users\/24"}],"replies":[{"embeddable":true,"href":"https:\/\/archive.sana.sy\/es\/index.php?rest_route=%2Fwp%2Fv2%2Fcomments&post=336040"}],"version-history":[{"count":1,"href":"https:\/\/archive.sana.sy\/es\/index.php?rest_route=\/wp\/v2\/posts\/336040\/revisions"}],"predecessor-version":[{"id":336042,"href":"https:\/\/archive.sana.sy\/es\/index.php?rest_route=\/wp\/v2\/posts\/336040\/revisions\/336042"}],"wp:featuredmedia":[{"embeddable":true,"href":"https:\/\/archive.sana.sy\/es\/index.php?rest_route=\/wp\/v2\/media\/336041"}],"wp:attachment":[{"href":"https:\/\/archive.sana.sy\/es\/index.php?rest_route=%2Fwp%2Fv2%2Fmedia&parent=336040"}],"wp:term":[{"taxonomy":"category","embeddable":true,"href":"https:\/\/archive.sana.sy\/es\/index.php?rest_route=%2Fwp%2Fv2%2Fcategories&post=336040"},{"taxonomy":"post_tag","embeddable":true,"href":"https:\/\/archive.sana.sy\/es\/index.php?rest_route=%2Fwp%2Fv2%2Ftags&post=336040"}],"curies":[{"name":"wp","href":"https:\/\/api.w.org\/{rel}","templated":true}]}}