{"id":336043,"date":"2024-08-14T19:10:40","date_gmt":"2024-08-14T16:10:40","guid":{"rendered":"https:\/\/sana.sy\/es\/?p=336043"},"modified":"2024-08-14T19:11:48","modified_gmt":"2024-08-14T16:11:48","slug":"el-ataque-contra-kursk-no-logro-su-objetivo-y-la-caida-del-regimen-de-zelenski-es-cuestion-de-tiempo-confirma-zajarova","status":"publish","type":"post","link":"https:\/\/archive.sana.sy\/es\/?p=336043","title":{"rendered":"Ataque contra Kursk no logr\u00f3 su objetivo, y la ca\u00edda del r\u00e9gimen de Zelenski es cuesti\u00f3n de tiempo, dice Zaj\u00e1rova"},"content":{"rendered":"<p style=\"text-align: justify\"><span style=\"color: #800000\"><strong>Mosc\u00fa, 14 ago (SANA)<\/strong><\/span> La portavoz del Ministerio de Exteriores de Rusia, Mar\u00eda Zaj\u00e1rova, confirm\u00f3 que los ataques de Ucrania contra la regi\u00f3n rusa de Kursk no lograron el objetivo de desviar las fuerzas rusas del Donbass y Slobozhanshchina.<\/p>\n<p style=\"text-align: justify\">La agencia TASS cit\u00f3 a Zaj\u00e1rova diciendo en un comunicado publicado este mi\u00e9rcoles que los militares ucranianos que han realizado una incursi\u00f3n en el territorio de Kursk \u201cest\u00e1n siendo repelidos firmemente por las Fuerzas Armadas de la Federaci\u00f3n Rusa&#8221;.<\/p>\n<p style=\"text-align: justify\">Explic\u00f3 que este ataque se debe a la catastr\u00f3fica situaci\u00f3n de las tropas ucranianas en Donbass. &#8220;Como la situaci\u00f3n en Donbass es terrible para las fuerzas ucranianas, el gobierno ucraniano orden\u00f3 un ataque terrorista en los territorios de la regi\u00f3n de Kursk que est\u00e1n cerca de la frontera&#8221;.<\/p>\n<p style=\"text-align: justify\">Explic\u00f3 que &#8220;Kiev no ha ocultado que intent\u00f3 este paso para mejorar su posici\u00f3n negociadora en el futuro\u201d con las propias palabras del asesor del jefe de gabinete de Zelenski, Mija\u00edl Podolyak.<\/p>\n<p style=\"text-align: justify\">Denunci\u00f3 que este ataque ha demostrado otra vez la naturaleza neonazi del r\u00e9gimen de Kiev. &#8220;Los combatientes ucranianos capturados admitieron haber recibido la orden de que, si los civiles oponen resistencia, hay que disparar sin piedad a todos los que se encuentren en el lugar&#8221;.<\/p>\n<p style=\"text-align: justify\">Zaj\u00e1rova afirm\u00f3 que el r\u00e9gimen de Zelenski que est\u00e1 actuando en complicidad con la OTAN \u201cse mantiene en pie \u00fanicamente con el dinero de Occidente&#8221;, y afirm\u00f3 que su ca\u00edda es &#8220;s\u00f3lo cuesti\u00f3n de tiempo&#8221;, porque Rusia est\u00e1 m\u00e1s determinada a desnazificar y desmilitarizar a Ucrania.<\/p>\n<p style=\"text-align: justify\">El 6 de agosto, fuerzas ucranianas lanzaron un ataque a gran escala contra la regi\u00f3n rusa de Kursk, y como resultado 12 civiles perdieron la vida y otros 121 recibieron lesiones, adem\u00e1s de la evacuaci\u00f3n de m\u00e1s de 120 mil civiles que viven cerca de la frontera con Ucrania.<\/p>\n<p style=\"text-align: justify\">la<\/p>\n<p style=\"text-align: justify\">\n","protected":false},"excerpt":{"rendered":"<p>Mosc\u00fa, 14 ago (SANA) La portavoz del Ministerio de Exteriores de Rusia, Mar\u00eda Zaj\u00e1rova, confirm\u00f3 que los ataques de Ucrania contra la regi\u00f3n rusa de Kursk no lograron el objetivo de desviar las fuerzas rusas del Donbass y Slobozhanshchina. La agencia TASS cit\u00f3 a Zaj\u00e1rova diciendo en un comunicado publicado este mi\u00e9rcoles que los militares &hellip;<\/p>\n","protected":false},"author":24,"featured_media":336044,"comment_status":"closed","ping_status":"closed","sticky":false,"template":"","format":"standard","meta":{"footnotes":""},"categories":[597,456,20724,7541],"tags":[],"class_list":["post-336043","post","type-post","status-publish","format-standard","has-post-thumbnail","","category-cinta-de-noticias","category-arabe-internacional-politica","category-minuto-a-minuto","category-ultimas-noticias"],"_links":{"self":[{"href":"https:\/\/archive.sana.sy\/es\/index.php?rest_route=\/wp\/v2\/posts\/336043"}],"collection":[{"href":"https:\/\/archive.sana.sy\/es\/index.php?rest_route=\/wp\/v2\/posts"}],"about":[{"href":"https:\/\/archive.sana.sy\/es\/index.php?rest_route=\/wp\/v2\/types\/post"}],"author":[{"embeddable":true,"href":"https:\/\/archive.sana.sy\/es\/index.php?rest_route=\/wp\/v2\/users\/24"}],"replies":[{"embeddable":true,"href":"https:\/\/archive.sana.sy\/es\/index.php?rest_route=%2Fwp%2Fv2%2Fcomments&post=336043"}],"version-history":[{"count":3,"href":"https:\/\/archive.sana.sy\/es\/index.php?rest_route=\/wp\/v2\/posts\/336043\/revisions"}],"predecessor-version":[{"id":336047,"href":"https:\/\/archive.sana.sy\/es\/index.php?rest_route=\/wp\/v2\/posts\/336043\/revisions\/336047"}],"wp:featuredmedia":[{"embeddable":true,"href":"https:\/\/archive.sana.sy\/es\/index.php?rest_route=\/wp\/v2\/media\/336044"}],"wp:attachment":[{"href":"https:\/\/archive.sana.sy\/es\/index.php?rest_route=%2Fwp%2Fv2%2Fmedia&parent=336043"}],"wp:term":[{"taxonomy":"category","embeddable":true,"href":"https:\/\/archive.sana.sy\/es\/index.php?rest_route=%2Fwp%2Fv2%2Fcategories&post=336043"},{"taxonomy":"post_tag","embeddable":true,"href":"https:\/\/archive.sana.sy\/es\/index.php?rest_route=%2Fwp%2Fv2%2Ftags&post=336043"}],"curies":[{"name":"wp","href":"https:\/\/api.w.org\/{rel}","templated":true}]}}