{"id":336053,"date":"2024-08-15T06:06:02","date_gmt":"2024-08-15T03:06:02","guid":{"rendered":"https:\/\/sana.sy\/es\/?p=336053"},"modified":"2024-08-15T06:06:02","modified_gmt":"2024-08-15T03:06:02","slug":"dos-muertos-y-cuatro-heridos-graves-en-ataque-aereo-israeli-en-el-sur-del-libano","status":"publish","type":"post","link":"https:\/\/archive.sana.sy\/es\/?p=336053","title":{"rendered":"Dos muertos y cuatro heridos graves en ataque a\u00e9reo israel\u00ed en el sur del L\u00edbano"},"content":{"rendered":"<p style=\"text-align: justify;\"><span style=\"color: #800000;\"><strong>Beirut, 15 ago (SANA)\u00a0<\/strong> <\/span>Dos libaneses perdieron la vida y otros cuatro resultaron heridos tras una agresi\u00f3n a\u00e9rea israel\u00ed contra la localidad de Marjayoun, en el sur del L\u00edbano.<\/p>\n<p style=\"text-align: justify;\">El Centro de Operaciones de Emergencia del Ministerio de Salud P\u00fablica del L\u00edbano inform\u00f3 que la incursi\u00f3n hostil provoc\u00f3, en un saldo no final, dos muertos y 4 heridos que se encuentran en estado cr\u00edtico.<\/p>\n<p style=\"text-align: justify;\">Anteriormente, varias personas resultaron heridas en un ataque lanzado por un dron israel\u00ed contra un autom\u00f3vil cerca de la localidad de Abbasiya, en el sur del L\u00edbano.<\/p>\n<p style=\"text-align: justify;\">fm<\/p>\n","protected":false},"excerpt":{"rendered":"<p>Beirut, 15 ago (SANA)\u00a0 Dos libaneses perdieron la vida y otros cuatro resultaron heridos tras una agresi\u00f3n a\u00e9rea israel\u00ed contra la localidad de Marjayoun, en el sur del L\u00edbano. El Centro de Operaciones de Emergencia del Ministerio de Salud P\u00fablica del L\u00edbano inform\u00f3 que la incursi\u00f3n hostil provoc\u00f3, en un saldo no final, dos muertos &hellip;<\/p>\n","protected":false},"author":34,"featured_media":336054,"comment_status":"closed","ping_status":"closed","sticky":false,"template":"","format":"standard","meta":{"footnotes":""},"categories":[597,456,20724,7541],"tags":[],"class_list":["post-336053","post","type-post","status-publish","format-standard","has-post-thumbnail","","category-cinta-de-noticias","category-arabe-internacional-politica","category-minuto-a-minuto","category-ultimas-noticias"],"_links":{"self":[{"href":"https:\/\/archive.sana.sy\/es\/index.php?rest_route=\/wp\/v2\/posts\/336053"}],"collection":[{"href":"https:\/\/archive.sana.sy\/es\/index.php?rest_route=\/wp\/v2\/posts"}],"about":[{"href":"https:\/\/archive.sana.sy\/es\/index.php?rest_route=\/wp\/v2\/types\/post"}],"author":[{"embeddable":true,"href":"https:\/\/archive.sana.sy\/es\/index.php?rest_route=\/wp\/v2\/users\/34"}],"replies":[{"embeddable":true,"href":"https:\/\/archive.sana.sy\/es\/index.php?rest_route=%2Fwp%2Fv2%2Fcomments&post=336053"}],"version-history":[{"count":1,"href":"https:\/\/archive.sana.sy\/es\/index.php?rest_route=\/wp\/v2\/posts\/336053\/revisions"}],"predecessor-version":[{"id":336055,"href":"https:\/\/archive.sana.sy\/es\/index.php?rest_route=\/wp\/v2\/posts\/336053\/revisions\/336055"}],"wp:featuredmedia":[{"embeddable":true,"href":"https:\/\/archive.sana.sy\/es\/index.php?rest_route=\/wp\/v2\/media\/336054"}],"wp:attachment":[{"href":"https:\/\/archive.sana.sy\/es\/index.php?rest_route=%2Fwp%2Fv2%2Fmedia&parent=336053"}],"wp:term":[{"taxonomy":"category","embeddable":true,"href":"https:\/\/archive.sana.sy\/es\/index.php?rest_route=%2Fwp%2Fv2%2Fcategories&post=336053"},{"taxonomy":"post_tag","embeddable":true,"href":"https:\/\/archive.sana.sy\/es\/index.php?rest_route=%2Fwp%2Fv2%2Ftags&post=336053"}],"curies":[{"name":"wp","href":"https:\/\/api.w.org\/{rel}","templated":true}]}}