{"id":336056,"date":"2024-08-15T06:20:18","date_gmt":"2024-08-15T03:20:18","guid":{"rendered":"https:\/\/sana.sy\/es\/?p=336056"},"modified":"2024-08-15T16:06:40","modified_gmt":"2024-08-15T13:06:40","slug":"las-relaciones-sirio-pakistanies-son-historicas-y-las-posiciones-entre-damasco-e-islamabad-son-identicas","status":"publish","type":"post","link":"https:\/\/archive.sana.sy\/es\/?p=336056","title":{"rendered":"Las relaciones sirio-pakistan\u00edes son hist\u00f3ricas y las posiciones entre Damasco e Islamabad son id\u00e9nticas"},"content":{"rendered":"<p style=\"text-align: justify;\"><span style=\"color: #800000;\"><strong>Damasco, 15 ago (SANA)\u00a0<\/strong> <\/span>La Embajada de la Rep\u00fablica de Pakist\u00e1n en Damasco organiz\u00f3 una recepci\u00f3n con motivo del 77 aniversario del D\u00eda de la Independencia.<\/p>\n<p style=\"text-align: justify;\">En su discurso, el embajador pakistan\u00ed en Damasco, Shahid Akhtar, afirm\u00f3 que las relaciones entre su pa\u00eds y Siria est\u00e1n profundas e hist\u00f3ricas, y comparten siempre posiciones id\u00e9nticas en todos los foros internacionales.<\/p>\n<p style=\"text-align: justify;\"><img loading=\"lazy\" decoding=\"async\" class=\"wp-image-336058 alignleft\" src=\"http:\/\/sana.sy\/es\/wp-content\/uploads\/2024\/08\/DSC_7272.jpg\" alt=\"\" width=\"332\" height=\"195\" srcset=\"https:\/\/archive.sana.sy\/es\/wp-content\/uploads\/2024\/08\/DSC_7272.jpg 660w, https:\/\/archive.sana.sy\/es\/wp-content\/uploads\/2024\/08\/DSC_7272-300x176.jpg 300w, https:\/\/archive.sana.sy\/es\/wp-content\/uploads\/2024\/08\/DSC_7272-150x88.jpg 150w\" sizes=\"(max-width: 332px) 100vw, 332px\" \/>Destac\u00f3 el apoyo de Islam Abad a Siria y su pueblo contra todos los que conspiraron para debilitar esta naci\u00f3n durante la guerra.<\/p>\n<p style=\"text-align: justify;\">El diplom\u00e1tico elogi\u00f3 la firmeza del pueblo sirio y consider\u00f3 que Siria volver\u00e1 al lugar que le corresponde y que la verdad siempre vence.<\/p>\n<p style=\"text-align: justify;\">\u201cEl mundo se da cuenta de la magnitud de la grave injusticia cometida contra Siria y su pueblo, ya que todos estamos presenciando un cambio de visi\u00f3n y forma de pensar\u201d, manifest\u00f3..<\/p>\n<p style=\"text-align: justify;\">Destac\u00f3 que la cooperaci\u00f3n entre los dos pa\u00edses ha sido testigo de avances en los \u00faltimos a\u00f1os, y se han firmado o renovado memorandos de entendimiento en diversos campos, incluidos la econom\u00eda, la defensa, la tecnolog\u00eda de la informaci\u00f3n y el turismo.<\/p>\n<p style=\"text-align: justify;\"><img loading=\"lazy\" decoding=\"async\" class=\"wp-image-336059 alignleft\" src=\"http:\/\/sana.sy\/es\/wp-content\/uploads\/2024\/08\/DSC_7315.jpg\" alt=\"\" width=\"333\" height=\"190\" srcset=\"https:\/\/archive.sana.sy\/es\/wp-content\/uploads\/2024\/08\/DSC_7315.jpg 660w, https:\/\/archive.sana.sy\/es\/wp-content\/uploads\/2024\/08\/DSC_7315-300x171.jpg 300w, https:\/\/archive.sana.sy\/es\/wp-content\/uploads\/2024\/08\/DSC_7315-150x85.jpg 150w\" sizes=\"(max-width: 333px) 100vw, 333px\" \/>Por su parte, el ministro de Agricultura y Reforma Agraria, Muhammad Hassan Qatna, afirm\u00f3 que las distinguidas relaciones entre los dos pa\u00edses surgen de los principios comunes en los que creen Siria y Pakist\u00e1n frente a los desaf\u00edos globales y las injerencias militares y pol\u00edticas en los asuntos internos asuntos de otros pa\u00edses.<\/p>\n<p style=\"text-align: justify;\">Destac\u00f3 el apoyo del Pakist\u00e1n a Siria y su derecho a defender su independencia, soberan\u00eda e integridad territorial y a combatir el terrorismo.<\/p>\n<p style=\"text-align: justify;\">fm<\/p>\n","protected":false},"excerpt":{"rendered":"<p>Damasco, 15 ago (SANA)\u00a0 La Embajada de la Rep\u00fablica de Pakist\u00e1n en Damasco organiz\u00f3 una recepci\u00f3n con motivo del 77 aniversario del D\u00eda de la Independencia. En su discurso, el embajador pakistan\u00ed en Damasco, Shahid Akhtar, afirm\u00f3 que las relaciones entre su pa\u00eds y Siria est\u00e1n profundas e hist\u00f3ricas, y comparten siempre posiciones id\u00e9nticas en &hellip;<\/p>\n","protected":false},"author":34,"featured_media":336057,"comment_status":"closed","ping_status":"closed","sticky":false,"template":"","format":"standard","meta":{"footnotes":""},"categories":[477,447,597,20724,467,583],"tags":[],"class_list":["post-336056","post","type-post","status-publish","format-standard","has-post-thumbnail","","category-noticias-edulcorantes","category-local-politica","category-cinta-de-noticias","category-minuto-a-minuto","category-siria-y-el-mundo","category-slide"],"_links":{"self":[{"href":"https:\/\/archive.sana.sy\/es\/index.php?rest_route=\/wp\/v2\/posts\/336056"}],"collection":[{"href":"https:\/\/archive.sana.sy\/es\/index.php?rest_route=\/wp\/v2\/posts"}],"about":[{"href":"https:\/\/archive.sana.sy\/es\/index.php?rest_route=\/wp\/v2\/types\/post"}],"author":[{"embeddable":true,"href":"https:\/\/archive.sana.sy\/es\/index.php?rest_route=\/wp\/v2\/users\/34"}],"replies":[{"embeddable":true,"href":"https:\/\/archive.sana.sy\/es\/index.php?rest_route=%2Fwp%2Fv2%2Fcomments&post=336056"}],"version-history":[{"count":1,"href":"https:\/\/archive.sana.sy\/es\/index.php?rest_route=\/wp\/v2\/posts\/336056\/revisions"}],"predecessor-version":[{"id":336060,"href":"https:\/\/archive.sana.sy\/es\/index.php?rest_route=\/wp\/v2\/posts\/336056\/revisions\/336060"}],"wp:featuredmedia":[{"embeddable":true,"href":"https:\/\/archive.sana.sy\/es\/index.php?rest_route=\/wp\/v2\/media\/336057"}],"wp:attachment":[{"href":"https:\/\/archive.sana.sy\/es\/index.php?rest_route=%2Fwp%2Fv2%2Fmedia&parent=336056"}],"wp:term":[{"taxonomy":"category","embeddable":true,"href":"https:\/\/archive.sana.sy\/es\/index.php?rest_route=%2Fwp%2Fv2%2Fcategories&post=336056"},{"taxonomy":"post_tag","embeddable":true,"href":"https:\/\/archive.sana.sy\/es\/index.php?rest_route=%2Fwp%2Fv2%2Ftags&post=336056"}],"curies":[{"name":"wp","href":"https:\/\/api.w.org\/{rel}","templated":true}]}}