{"id":336062,"date":"2024-08-15T12:05:09","date_gmt":"2024-08-15T09:05:09","guid":{"rendered":"https:\/\/sana.sy\/es\/?p=336062"},"modified":"2024-08-15T12:05:09","modified_gmt":"2024-08-15T09:05:09","slug":"uso-de-armas-estadounidenses-por-kiev-en-el-ataque-a-kursk-tendra-consecuencias-afirma-polyansky","status":"publish","type":"post","link":"https:\/\/archive.sana.sy\/es\/?p=336062","title":{"rendered":"Uso de armas estadounidenses por Kiev en el ataque a Kursk tendr\u00e1 consecuencias, afirma Polyansky"},"content":{"rendered":"<p style=\"text-align: justify;\"><span style=\"color: #800000;\"><strong>Mosc\u00fa, 15 ago (SANA)\u00a0<\/strong><\/span> El representante permanente adjunto de Rusia ante las Naciones Unidas, Dmitry Polyansky, advirti\u00f3 que el uso de armas estadounidenses por parte de las fuerzas del r\u00e9gimen ucraniano en su ataque a la regi\u00f3n de Kursk tendr\u00e1 consecuencias.<\/p>\n<p style=\"text-align: justify;\">&#8220;Para nosotros, el uso de armas estadounidenses en Kursk, Ucrania o cualquier otro lugar, es un acto de escalada y tendr\u00e1 graves consecuencias\u201d, dijo el diplom\u00e1tico citado por Sputnik durante una sesi\u00f3n del Consejo de Seguridad de la ONU sobre los cr\u00edmenes del r\u00e9gimen de Kiev.<\/p>\n<p style=\"text-align: justify;\">Agreg\u00f3 que &#8220;el ataque criminal a Kursk no hizo m\u00e1s que fortalecer nuestra sociedad y mostr\u00f3 el verdadero rostro de nuestro enemigo, que no merece m\u00e1s que una derrota total y una rendici\u00f3n incondicional&#8221;.<\/p>\n<p style=\"text-align: justify;\">ed\/fm<\/p>\n","protected":false},"excerpt":{"rendered":"<p>Mosc\u00fa, 15 ago (SANA)\u00a0 El representante permanente adjunto de Rusia ante las Naciones Unidas, Dmitry Polyansky, advirti\u00f3 que el uso de armas estadounidenses por parte de las fuerzas del r\u00e9gimen ucraniano en su ataque a la regi\u00f3n de Kursk tendr\u00e1 consecuencias. &#8220;Para nosotros, el uso de armas estadounidenses en Kursk, Ucrania o cualquier otro lugar, &hellip;<\/p>\n","protected":false},"author":32,"featured_media":336063,"comment_status":"closed","ping_status":"closed","sticky":false,"template":"","format":"standard","meta":{"footnotes":""},"categories":[597,456,20724,7541],"tags":[],"class_list":["post-336062","post","type-post","status-publish","format-standard","has-post-thumbnail","","category-cinta-de-noticias","category-arabe-internacional-politica","category-minuto-a-minuto","category-ultimas-noticias"],"_links":{"self":[{"href":"https:\/\/archive.sana.sy\/es\/index.php?rest_route=\/wp\/v2\/posts\/336062"}],"collection":[{"href":"https:\/\/archive.sana.sy\/es\/index.php?rest_route=\/wp\/v2\/posts"}],"about":[{"href":"https:\/\/archive.sana.sy\/es\/index.php?rest_route=\/wp\/v2\/types\/post"}],"author":[{"embeddable":true,"href":"https:\/\/archive.sana.sy\/es\/index.php?rest_route=\/wp\/v2\/users\/32"}],"replies":[{"embeddable":true,"href":"https:\/\/archive.sana.sy\/es\/index.php?rest_route=%2Fwp%2Fv2%2Fcomments&post=336062"}],"version-history":[{"count":1,"href":"https:\/\/archive.sana.sy\/es\/index.php?rest_route=\/wp\/v2\/posts\/336062\/revisions"}],"predecessor-version":[{"id":336064,"href":"https:\/\/archive.sana.sy\/es\/index.php?rest_route=\/wp\/v2\/posts\/336062\/revisions\/336064"}],"wp:featuredmedia":[{"embeddable":true,"href":"https:\/\/archive.sana.sy\/es\/index.php?rest_route=\/wp\/v2\/media\/336063"}],"wp:attachment":[{"href":"https:\/\/archive.sana.sy\/es\/index.php?rest_route=%2Fwp%2Fv2%2Fmedia&parent=336062"}],"wp:term":[{"taxonomy":"category","embeddable":true,"href":"https:\/\/archive.sana.sy\/es\/index.php?rest_route=%2Fwp%2Fv2%2Fcategories&post=336062"},{"taxonomy":"post_tag","embeddable":true,"href":"https:\/\/archive.sana.sy\/es\/index.php?rest_route=%2Fwp%2Fv2%2Ftags&post=336062"}],"curies":[{"name":"wp","href":"https:\/\/api.w.org\/{rel}","templated":true}]}}