{"id":336068,"date":"2024-08-15T14:14:03","date_gmt":"2024-08-15T11:14:03","guid":{"rendered":"https:\/\/sana.sy\/es\/?p=336068"},"modified":"2024-08-15T14:14:03","modified_gmt":"2024-08-15T11:14:03","slug":"fallece-embajador-sirio-en-bielorrusia","status":"publish","type":"post","link":"https:\/\/archive.sana.sy\/es\/?p=336068","title":{"rendered":"Fallece embajador sirio en Bielorrusia"},"content":{"rendered":"<p style=\"text-align: justify;\"><span style=\"color: #800000;\"><strong>Minsk, 15 ago (SANA)\u00a0<\/strong><\/span> \u00a0El Ministerio de Asuntos Exteriores y Expatriados anunci\u00f3 el fallecimiento en la capital bielorrusa Minsk, de Muhammad Al-Omrani, el embajador de la Rep\u00fablica \u00c1rabe Siria en Bielorrusia.<\/p>\n<p>El Canciller y los empleados de la Canciller\u00eda expresan su m\u00e1s sentido p\u00e9same a la familia del fallecido, public\u00f3 el Ministerio en su p\u00e1gina en la plataforma \u201cFacebook\u201d.<\/p>\n<p><span style=\"color: #800000;\"><strong>fm\/ws<\/strong><\/span><\/p>\n","protected":false},"excerpt":{"rendered":"<p>Minsk, 15 ago (SANA)\u00a0 \u00a0El Ministerio de Asuntos Exteriores y Expatriados anunci\u00f3 el fallecimiento en la capital bielorrusa Minsk, de Muhammad Al-Omrani, el embajador de la Rep\u00fablica \u00c1rabe Siria en Bielorrusia. El Canciller y los empleados de la Canciller\u00eda expresan su m\u00e1s sentido p\u00e9same a la familia del fallecido, public\u00f3 el Ministerio en su p\u00e1gina &hellip;<\/p>\n","protected":false},"author":35,"featured_media":336069,"comment_status":"closed","ping_status":"closed","sticky":false,"template":"","format":"standard","meta":{"footnotes":""},"categories":[477,447,597,20724,467,7541],"tags":[],"class_list":["post-336068","post","type-post","status-publish","format-standard","has-post-thumbnail","","category-noticias-edulcorantes","category-local-politica","category-cinta-de-noticias","category-minuto-a-minuto","category-siria-y-el-mundo","category-ultimas-noticias"],"_links":{"self":[{"href":"https:\/\/archive.sana.sy\/es\/index.php?rest_route=\/wp\/v2\/posts\/336068"}],"collection":[{"href":"https:\/\/archive.sana.sy\/es\/index.php?rest_route=\/wp\/v2\/posts"}],"about":[{"href":"https:\/\/archive.sana.sy\/es\/index.php?rest_route=\/wp\/v2\/types\/post"}],"author":[{"embeddable":true,"href":"https:\/\/archive.sana.sy\/es\/index.php?rest_route=\/wp\/v2\/users\/35"}],"replies":[{"embeddable":true,"href":"https:\/\/archive.sana.sy\/es\/index.php?rest_route=%2Fwp%2Fv2%2Fcomments&post=336068"}],"version-history":[{"count":1,"href":"https:\/\/archive.sana.sy\/es\/index.php?rest_route=\/wp\/v2\/posts\/336068\/revisions"}],"predecessor-version":[{"id":336070,"href":"https:\/\/archive.sana.sy\/es\/index.php?rest_route=\/wp\/v2\/posts\/336068\/revisions\/336070"}],"wp:featuredmedia":[{"embeddable":true,"href":"https:\/\/archive.sana.sy\/es\/index.php?rest_route=\/wp\/v2\/media\/336069"}],"wp:attachment":[{"href":"https:\/\/archive.sana.sy\/es\/index.php?rest_route=%2Fwp%2Fv2%2Fmedia&parent=336068"}],"wp:term":[{"taxonomy":"category","embeddable":true,"href":"https:\/\/archive.sana.sy\/es\/index.php?rest_route=%2Fwp%2Fv2%2Fcategories&post=336068"},{"taxonomy":"post_tag","embeddable":true,"href":"https:\/\/archive.sana.sy\/es\/index.php?rest_route=%2Fwp%2Fv2%2Ftags&post=336068"}],"curies":[{"name":"wp","href":"https:\/\/api.w.org\/{rel}","templated":true}]}}