{"id":336099,"date":"2024-08-16T09:18:13","date_gmt":"2024-08-16T06:18:13","guid":{"rendered":"https:\/\/sana.sy\/es\/?p=336099"},"modified":"2024-08-16T09:19:17","modified_gmt":"2024-08-16T06:19:17","slug":"parlamento-sirio-exige-exclusion-de-cuba-de-arbitraria-lista-terrorista","status":"publish","type":"post","link":"https:\/\/archive.sana.sy\/es\/?p=336099","title":{"rendered":"Parlamento sirio exige exclusi\u00f3n de Cuba de arbitraria lista terrorista"},"content":{"rendered":"<blockquote><p><span style=\"color: #ff6600;\"><strong>Manifestamos nuestra plena confianza en que el firme pueblo de Cuba que ha resistido el injusto bloqueo estadounidense durante m\u00e1s de seis d\u00e9cadas, es capaz de frustrar todos los planes estadounidenses, puntualiz\u00f3 el legislativo sirio.<\/strong><\/span><\/p><\/blockquote>\n<p style=\"text-align: justify;\"><span style=\"color: #800000;\"><strong>Damasco, 15 ago (SANA)<\/strong><\/span> La Asamblea del Pueblo de Siria (Parlamento) conden\u00f3 hoy la decisi\u00f3n estadounidenses de mantener a Cuba en la supuesta lista de Estados patrocinadores del terrorismo y expres\u00f3 su solidaridad con el pueblo cubano ante tal medida injusta.<\/p>\n<p style=\"text-align: justify;\">Condenamos y rechazamos en\u00e9rgicamente el anuncio del Departamento de Estado de Estados Unidos de mantener la isla en la lista estadounidense de estados que patrocinan el terrorismo, afirm\u00f3 el Parlamento por medio de una declaraci\u00f3n publicada hoy.<\/p>\n<p style=\"text-align: justify;\">Rechaz\u00f3 la medida manipuladora y contradictoria de levantar el nombre de Cuba solo de la lista de pa\u00edses que no cooperan con los esfuerzos estadounidenses para erradicar el terrorismo.<\/p>\n<p style=\"text-align: justify;\">La nota se\u00f1al\u00f3 que esta peligrosa decisi\u00f3n escalar\u00eda las tensiones en el escenario internacional, y muestra claramente la intransigencia de Estados Unidos al proseguir una pol\u00edtica de doble rasero al tratar con pa\u00edses y pueblos seg\u00fan sus intereses y antojos.<img loading=\"lazy\" decoding=\"async\" class=\" wp-image-336101 alignright\" src=\"http:\/\/sana.sy\/es\/wp-content\/uploads\/2024\/08\/\u0645\u062c\u0644\u0633-\u0627\u0644\u0634\u0639\u0628-copy-1-300x150.jpg\" alt=\"\" width=\"368\" height=\"184\" srcset=\"https:\/\/archive.sana.sy\/es\/wp-content\/uploads\/2024\/08\/\u0645\u062c\u0644\u0633-\u0627\u0644\u0634\u0639\u0628-copy-1-300x150.jpg 300w, https:\/\/archive.sana.sy\/es\/wp-content\/uploads\/2024\/08\/\u0645\u062c\u0644\u0633-\u0627\u0644\u0634\u0639\u0628-copy-1-150x75.jpg 150w, https:\/\/archive.sana.sy\/es\/wp-content\/uploads\/2024\/08\/\u0645\u062c\u0644\u0633-\u0627\u0644\u0634\u0639\u0628-copy-1.jpg 660w\" sizes=\"(max-width: 368px) 100vw, 368px\" \/><\/p>\n<p style=\"text-align: justify;\">Denunci\u00f3 que las sucesivas administraciones estadounidenses mantienen su enfoque agresivo y arbitrario de imponer sanciones a los pa\u00edses y pueblos que no act\u00faan en armon\u00eda con sus pol\u00edticas autoritarias y arrogantes, y rechazan sus dictados y planes hegem\u00f3nicos, y defienden su libertad, soberan\u00eda, dignidad nacional y su decisi\u00f3n independiente<\/p>\n<p style=\"text-align: justify;\">El parlamento expres\u00f3 su plena solidaridad con la Asamblea del Poder Popular y con el amigo pueblo de Cuba ante tales acciones hostiles.<\/p>\n<p style=\"text-align: justify;\">Manifestamos nuestra plena confianza en que el firme pueblo de Cuba que ha resistido el injusto bloqueo estadounidense durante m\u00e1s de seis d\u00e9cadas, es capaz de frustrar todos los planes estadounidenses, puntualiz\u00f3 el legislativo sirio.<\/p>\n<p style=\"text-align: justify;\">Demand\u00f3 a todos los parlamentos del mundo que condenen esta decisi\u00f3n y apoyen a los pueblos oprimidos y agredidos, y dejarlos que vivan en paz, seguridad y estabilidad.<\/p>\n<p style=\"text-align: justify;\">En su comunicado, el Parlamento deplor\u00f3 la presencia ilegal de Washington y su ocupaci\u00f3n de partes del territorio sirio y su continuo saqueo de las riquezas y recursos del pueblo de esta naci\u00f3n \u00e1rabe.<\/p>\n<p style=\"text-align: justify;\">Tambi\u00e9n denunci\u00f3 que Washington hace la vista gorda a las violaciones y cr\u00edmenes israel\u00edes en Siria y los territorios palestinos ocupados.<\/p>\n<p style=\"text-align: justify;\"><em><strong>fm\/ah<\/strong><\/em><\/p>\n","protected":false},"excerpt":{"rendered":"<p>Manifestamos nuestra plena confianza en que el firme pueblo de Cuba que ha resistido el injusto bloqueo estadounidense durante m\u00e1s de seis d\u00e9cadas, es capaz de frustrar todos los planes estadounidenses, puntualiz\u00f3 el legislativo sirio. Damasco, 15 ago (SANA) La Asamblea del Pueblo de Siria (Parlamento) conden\u00f3 hoy la decisi\u00f3n estadounidenses de mantener a Cuba &hellip;<\/p>\n","protected":false},"author":30,"featured_media":336100,"comment_status":"closed","ping_status":"closed","sticky":false,"template":"","format":"standard","meta":{"footnotes":""},"categories":[597,20724,467,583],"tags":[],"class_list":["post-336099","post","type-post","status-publish","format-standard","has-post-thumbnail","","category-cinta-de-noticias","category-minuto-a-minuto","category-siria-y-el-mundo","category-slide"],"_links":{"self":[{"href":"https:\/\/archive.sana.sy\/es\/index.php?rest_route=\/wp\/v2\/posts\/336099"}],"collection":[{"href":"https:\/\/archive.sana.sy\/es\/index.php?rest_route=\/wp\/v2\/posts"}],"about":[{"href":"https:\/\/archive.sana.sy\/es\/index.php?rest_route=\/wp\/v2\/types\/post"}],"author":[{"embeddable":true,"href":"https:\/\/archive.sana.sy\/es\/index.php?rest_route=\/wp\/v2\/users\/30"}],"replies":[{"embeddable":true,"href":"https:\/\/archive.sana.sy\/es\/index.php?rest_route=%2Fwp%2Fv2%2Fcomments&post=336099"}],"version-history":[{"count":2,"href":"https:\/\/archive.sana.sy\/es\/index.php?rest_route=\/wp\/v2\/posts\/336099\/revisions"}],"predecessor-version":[{"id":336103,"href":"https:\/\/archive.sana.sy\/es\/index.php?rest_route=\/wp\/v2\/posts\/336099\/revisions\/336103"}],"wp:featuredmedia":[{"embeddable":true,"href":"https:\/\/archive.sana.sy\/es\/index.php?rest_route=\/wp\/v2\/media\/336100"}],"wp:attachment":[{"href":"https:\/\/archive.sana.sy\/es\/index.php?rest_route=%2Fwp%2Fv2%2Fmedia&parent=336099"}],"wp:term":[{"taxonomy":"category","embeddable":true,"href":"https:\/\/archive.sana.sy\/es\/index.php?rest_route=%2Fwp%2Fv2%2Fcategories&post=336099"},{"taxonomy":"post_tag","embeddable":true,"href":"https:\/\/archive.sana.sy\/es\/index.php?rest_route=%2Fwp%2Fv2%2Ftags&post=336099"}],"curies":[{"name":"wp","href":"https:\/\/api.w.org\/{rel}","templated":true}]}}