{"id":336155,"date":"2024-08-17T12:27:04","date_gmt":"2024-08-17T09:27:04","guid":{"rendered":"https:\/\/sana.sy\/es\/?p=336155"},"modified":"2024-08-17T12:28:38","modified_gmt":"2024-08-17T09:28:38","slug":"occidente-es-responsable-de-lo-ocurrido-en-siria-afirma-diplomatica-checa","status":"publish","type":"post","link":"https:\/\/archive.sana.sy\/es\/?p=336155","title":{"rendered":"Occidente es responsable de lo que ocurri\u00f3 en Siria, afirma diplom\u00e1tica checa"},"content":{"rendered":"<p style=\"text-align: justify;\"><span style=\"color: #800000;\"><strong>Praga, 17 ago (SANA)\u00a0<\/strong> <\/span>La exembajadora de la Rep\u00fablica Checa en Damasco, Eva Filippi, confirm\u00f3 que Occidente es responsable de lo que sucedi\u00f3 en Siria.<\/p>\n<p style=\"text-align: justify;\">\u201cHay muchos j\u00f3venes y gente maravillosa en Siria que tienen metas patri\u00f3ticas leales, pero Occidente apoy\u00f3 a los terroristas con armas, dinero e informaci\u00f3n para que destruyeran este pa\u00eds estable y pueblo bueno\u201d, dijo la diplom\u00e1tica en una entrevista con el sitio web checo Seznam.<\/p>\n<p style=\"text-align: justify;\">La exembajadora consider\u00f3 que Siria representa una historia triste y que en 2010 era un pa\u00eds seguro y estable, y la gente all\u00ed estaba feliz, y se\u00f1al\u00f3 que las sanciones occidentales y el asedio injusto al que fue sometido el pa\u00eds \u00e1rabe tuvieron un impacto negativo y duro en todos los aspectos de vida all\u00ed.<\/p>\n<p style=\"text-align: justify;\">sm<\/p>\n","protected":false},"excerpt":{"rendered":"<p>Praga, 17 ago (SANA)\u00a0 La exembajadora de la Rep\u00fablica Checa en Damasco, Eva Filippi, confirm\u00f3 que Occidente es responsable de lo que sucedi\u00f3 en Siria. \u201cHay muchos j\u00f3venes y gente maravillosa en Siria que tienen metas patri\u00f3ticas leales, pero Occidente apoy\u00f3 a los terroristas con armas, dinero e informaci\u00f3n para que destruyeran este pa\u00eds estable &hellip;<\/p>\n","protected":false},"author":39,"featured_media":336156,"comment_status":"closed","ping_status":"closed","sticky":false,"template":"","format":"standard","meta":{"footnotes":""},"categories":[597,20724,467,7541],"tags":[],"class_list":["post-336155","post","type-post","status-publish","format-standard","has-post-thumbnail","","category-cinta-de-noticias","category-minuto-a-minuto","category-siria-y-el-mundo","category-ultimas-noticias"],"_links":{"self":[{"href":"https:\/\/archive.sana.sy\/es\/index.php?rest_route=\/wp\/v2\/posts\/336155"}],"collection":[{"href":"https:\/\/archive.sana.sy\/es\/index.php?rest_route=\/wp\/v2\/posts"}],"about":[{"href":"https:\/\/archive.sana.sy\/es\/index.php?rest_route=\/wp\/v2\/types\/post"}],"author":[{"embeddable":true,"href":"https:\/\/archive.sana.sy\/es\/index.php?rest_route=\/wp\/v2\/users\/39"}],"replies":[{"embeddable":true,"href":"https:\/\/archive.sana.sy\/es\/index.php?rest_route=%2Fwp%2Fv2%2Fcomments&post=336155"}],"version-history":[{"count":4,"href":"https:\/\/archive.sana.sy\/es\/index.php?rest_route=\/wp\/v2\/posts\/336155\/revisions"}],"predecessor-version":[{"id":336160,"href":"https:\/\/archive.sana.sy\/es\/index.php?rest_route=\/wp\/v2\/posts\/336155\/revisions\/336160"}],"wp:featuredmedia":[{"embeddable":true,"href":"https:\/\/archive.sana.sy\/es\/index.php?rest_route=\/wp\/v2\/media\/336156"}],"wp:attachment":[{"href":"https:\/\/archive.sana.sy\/es\/index.php?rest_route=%2Fwp%2Fv2%2Fmedia&parent=336155"}],"wp:term":[{"taxonomy":"category","embeddable":true,"href":"https:\/\/archive.sana.sy\/es\/index.php?rest_route=%2Fwp%2Fv2%2Fcategories&post=336155"},{"taxonomy":"post_tag","embeddable":true,"href":"https:\/\/archive.sana.sy\/es\/index.php?rest_route=%2Fwp%2Fv2%2Ftags&post=336155"}],"curies":[{"name":"wp","href":"https:\/\/api.w.org\/{rel}","templated":true}]}}