{"id":33616,"date":"2015-11-16T14:37:07","date_gmt":"2015-11-16T12:37:07","guid":{"rendered":"http:\/\/sana.sy\/es\/?p=33616"},"modified":"2015-11-16T15:00:30","modified_gmt":"2015-11-16T13:00:30","slug":"sosan-el-terrorismo-no-tiene-ni-limites-ni-religion-y-volvera-a-quien-le-apoya","status":"publish","type":"post","link":"https:\/\/archive.sana.sy\/es\/?p=33616","title":{"rendered":"Sosan: el terrorismo no tiene ni limites, ni religi\u00f3n y volver\u00e1 a quien le apoya"},"content":{"rendered":"<p>Damasco, SANA<br \/>\nEl Dr. Ayman Sosan el asesor del ministro de Exteriores y de los Expatriados se reuni\u00f3 hoy con una delegaci\u00f3n del Comit\u00e9 de Defensa de Siria en Suecia con la presidencia de George Makdisi El\u00edas, los dos examinaron los desarrollos de la situaci\u00f3n en Siria y los grandes logros del ej\u00e9rcito \u00c1rabe sirio.<br \/>\nSosan afirm\u00f3 que los \u00faltimos ataques terroristas contra Francia confirman lo que advert\u00eda Siria sobre el terrorismo que no tiene ni l\u00edmites ni religi\u00f3n y que va a volver contra quien le apoya.<br \/>\nPor su parte los miembros de la delegaci\u00f3n expresaron el completo entendimiento de la realidad de lo que enfrenta Siria.<br \/>\nCabe decir que la reuni\u00f3n cont\u00f3 con la presencia de los directores de los departamentos de Europa y los expatriados en la Canciller\u00eda siria.<\/p>\n<p>Hala B., Riad Sh.<\/p>\n","protected":false},"excerpt":{"rendered":"<p>Damasco, SANA El Dr. Ayman Sosan el asesor del ministro de Exteriores y de los Expatriados se reuni\u00f3 hoy con una delegaci\u00f3n del Comit\u00e9 de Defensa de Siria en Suecia con la presidencia de George Makdisi El\u00edas, los dos examinaron los desarrollos de la situaci\u00f3n en Siria y los grandes logros del ej\u00e9rcito \u00c1rabe sirio. &hellip;<\/p>\n","protected":false},"author":1,"featured_media":33617,"comment_status":"closed","ping_status":"closed","sticky":false,"template":"","format":"standard","meta":{"footnotes":""},"categories":[597,457,576],"tags":[7395,7394],"class_list":["post-33616","post","type-post","status-publish","format-standard","has-post-thumbnail","","category-cinta-de-noticias","category-noticias-arabe-internacional-politica","category-noticias-politicas","tag-ni-religion-y-volvera-a-quien-le-apoya","tag-sosan-el-terrorismo-no-tiene-ni-limites"],"_links":{"self":[{"href":"https:\/\/archive.sana.sy\/es\/index.php?rest_route=\/wp\/v2\/posts\/33616"}],"collection":[{"href":"https:\/\/archive.sana.sy\/es\/index.php?rest_route=\/wp\/v2\/posts"}],"about":[{"href":"https:\/\/archive.sana.sy\/es\/index.php?rest_route=\/wp\/v2\/types\/post"}],"author":[{"embeddable":true,"href":"https:\/\/archive.sana.sy\/es\/index.php?rest_route=\/wp\/v2\/users\/1"}],"replies":[{"embeddable":true,"href":"https:\/\/archive.sana.sy\/es\/index.php?rest_route=%2Fwp%2Fv2%2Fcomments&post=33616"}],"version-history":[{"count":0,"href":"https:\/\/archive.sana.sy\/es\/index.php?rest_route=\/wp\/v2\/posts\/33616\/revisions"}],"wp:featuredmedia":[{"embeddable":true,"href":"https:\/\/archive.sana.sy\/es\/index.php?rest_route=\/wp\/v2\/media\/33617"}],"wp:attachment":[{"href":"https:\/\/archive.sana.sy\/es\/index.php?rest_route=%2Fwp%2Fv2%2Fmedia&parent=33616"}],"wp:term":[{"taxonomy":"category","embeddable":true,"href":"https:\/\/archive.sana.sy\/es\/index.php?rest_route=%2Fwp%2Fv2%2Fcategories&post=33616"},{"taxonomy":"post_tag","embeddable":true,"href":"https:\/\/archive.sana.sy\/es\/index.php?rest_route=%2Fwp%2Fv2%2Ftags&post=33616"}],"curies":[{"name":"wp","href":"https:\/\/api.w.org\/{rel}","templated":true}]}}