{"id":336164,"date":"2024-08-17T13:23:53","date_gmt":"2024-08-17T10:23:53","guid":{"rendered":"https:\/\/sana.sy\/es\/?p=336164"},"modified":"2024-08-17T14:59:28","modified_gmt":"2024-08-17T11:59:28","slug":"78-personas-resultaron-heridas-por-incendio-forestal-en-el-oeste-de-turquia","status":"publish","type":"post","link":"https:\/\/archive.sana.sy\/es\/?p=336164","title":{"rendered":"78 personas resultaron heridas por incendio forestal en el oeste de Turqu\u00eda"},"content":{"rendered":"<p style=\"text-align: justify;\"><span style=\"color: #800000;\"><strong>Ankara, 17 ago (SANA) <\/strong><\/span>78 personas resultaron heridas como consecuencia de un incendio que se desat\u00f3 en los bosques de la provincia Esmirna, en el oeste de Turqu\u00eda.<\/p>\n<p style=\"text-align: justify;\">Seg\u00fan medios de prensa turcos, el incendio forestal se extendi\u00f3 a zonas residenciales de Esmirna, la tercera provincia m\u00e1s grande del pa\u00eds en t\u00e9rminos de poblaci\u00f3n, y se sald\u00f3 con 78 personas heridas con lesiones diversas, adem\u00e1s de da\u00f1ar 16 edificios.<\/p>\n<p style=\"text-align: justify;\">En consecuencia, fueron evacuados tres barrios de los distritos de Karsiyaka y Bayrakli.<\/p>\n<p style=\"text-align: justify;\">sm<\/p>\n","protected":false},"excerpt":{"rendered":"<p>Ankara, 17 ago (SANA) 78 personas resultaron heridas como consecuencia de un incendio que se desat\u00f3 en los bosques de la provincia Esmirna, en el oeste de Turqu\u00eda. Seg\u00fan medios de prensa turcos, el incendio forestal se extendi\u00f3 a zonas residenciales de Esmirna, la tercera provincia m\u00e1s grande del pa\u00eds en t\u00e9rminos de poblaci\u00f3n, y &hellip;<\/p>\n","protected":false},"author":39,"featured_media":336165,"comment_status":"closed","ping_status":"closed","sticky":false,"template":"","format":"standard","meta":{"footnotes":""},"categories":[597,456,16687,20724,7541],"tags":[],"class_list":["post-336164","post","type-post","status-publish","format-standard","has-post-thumbnail","","category-cinta-de-noticias","category-arabe-internacional-politica","category-internacionales","category-minuto-a-minuto","category-ultimas-noticias"],"_links":{"self":[{"href":"https:\/\/archive.sana.sy\/es\/index.php?rest_route=\/wp\/v2\/posts\/336164"}],"collection":[{"href":"https:\/\/archive.sana.sy\/es\/index.php?rest_route=\/wp\/v2\/posts"}],"about":[{"href":"https:\/\/archive.sana.sy\/es\/index.php?rest_route=\/wp\/v2\/types\/post"}],"author":[{"embeddable":true,"href":"https:\/\/archive.sana.sy\/es\/index.php?rest_route=\/wp\/v2\/users\/39"}],"replies":[{"embeddable":true,"href":"https:\/\/archive.sana.sy\/es\/index.php?rest_route=%2Fwp%2Fv2%2Fcomments&post=336164"}],"version-history":[{"count":2,"href":"https:\/\/archive.sana.sy\/es\/index.php?rest_route=\/wp\/v2\/posts\/336164\/revisions"}],"predecessor-version":[{"id":336167,"href":"https:\/\/archive.sana.sy\/es\/index.php?rest_route=\/wp\/v2\/posts\/336164\/revisions\/336167"}],"wp:featuredmedia":[{"embeddable":true,"href":"https:\/\/archive.sana.sy\/es\/index.php?rest_route=\/wp\/v2\/media\/336165"}],"wp:attachment":[{"href":"https:\/\/archive.sana.sy\/es\/index.php?rest_route=%2Fwp%2Fv2%2Fmedia&parent=336164"}],"wp:term":[{"taxonomy":"category","embeddable":true,"href":"https:\/\/archive.sana.sy\/es\/index.php?rest_route=%2Fwp%2Fv2%2Fcategories&post=336164"},{"taxonomy":"post_tag","embeddable":true,"href":"https:\/\/archive.sana.sy\/es\/index.php?rest_route=%2Fwp%2Fv2%2Ftags&post=336164"}],"curies":[{"name":"wp","href":"https:\/\/api.w.org\/{rel}","templated":true}]}}