{"id":336202,"date":"2024-08-18T05:56:45","date_gmt":"2024-08-18T02:56:45","guid":{"rendered":"https:\/\/sana.sy\/es\/?p=336202"},"modified":"2024-08-18T17:47:35","modified_gmt":"2024-08-18T14:47:35","slug":"canciller-sirio-pronuncia-un-discurso-ante-la-cumbre-del-sur-global","status":"publish","type":"post","link":"https:\/\/archive.sana.sy\/es\/?p=336202","title":{"rendered":"Canciller sirio pronuncia un discurso ante la Cumbre del Sur Global"},"content":{"rendered":"<p style=\"text-align: justify;\"><span style=\"color: #800000;\"><strong>Damasco, 18 ago (SANA)\u00a0 <\/strong><\/span>El ministro sirio de Asuntos Exteriores, Faisal Al-Mekdad, conden\u00f3 hoy las medidas coercitivas unilaterales impuestas por Estados Unidos y Occidente a los pa\u00edses en v\u00eda de desarrollo y las tach\u00f3 de terrorismo econ\u00f3mico.<\/p>\n<p style=\"text-align: justify;\">La postura del canciller fue expresada en su discurso pronunciado v\u00eda Internet ante la tercera cumbre de la Voz del Sur Global que acoge India en presencia de titulares de Relaciones Exteriores y altos funcionarios de varios pa\u00edses.<\/p>\n<p style=\"text-align: justify;\">Debemos trabajar juntos para obligar a los pa\u00edses occidentales a dejar de imponer tales procedimientos inhumanas que destruyen las econom\u00edas y afectan la capacidad de las instituciones nacionales de brindar servicios humanitarios y sociales, como la salud, la educaci\u00f3n y el subsidio social, afirm\u00f3 Al-Mekdad.<\/p>\n<div class=\"elementor-element elementor-element-0aea3a0 elementor-widget elementor-widget-theme-post-content\" style=\"text-align: justify;\" data-id=\"0aea3a0\" data-element_type=\"widget\" data-widget_type=\"theme-post-content.default\">\n<div class=\"elementor-widget-container\">\n<p>Seg\u00fan el jefe de la diplomacia siria, estas medidas obstaculizan el logro de los objetivos de desarrollo sostenible y han llegado a constituir un terrorismo econ\u00f3mico y un arma dirigida contra los pueblos, ya que afectan diversos aspectos de su vida diaria.<\/p>\n<p>Explic\u00f3 que los efectos de las medidas punitivas se multiplican en el caso de Siria debido a las pr\u00e1cticas hostiles de Estados Unidos y sus aliados y su saqueo de las riquezas naturales del pa\u00eds.<\/p>\n<p>Por otro lado, Al-Mekdad consider\u00f3 que el mundo est\u00e1 siendo testigo de un escandaloso desmoronamiento de los valores humanos que se refleja en el silencio internacional sin precedentes hacia los cr\u00edmenes de genocidio cometidos por Israel contra el indefenso pueblo palestino, con pleno apoyo de Estados Unidos y Occidente.<\/p>\n<p>Los pa\u00edses occidentales se jactan de su falsa democracia y de su respeto a los derechos humanos, sin embargo, movilizan sus flotas y ej\u00e9rcitos para apoyar a esta entidad criminal que se vuelve cada d\u00eda m\u00e1s criminal y sigue cometiendo m\u00e1s masacres, dijo el ministro.<\/p>\n<p>Indic\u00f3 que Damasco espera que los pa\u00edses del Sur puedan unificar su palabra, enfrentar los desaf\u00edos, desempe\u00f1ar su papel vital en la gobernanza global y poner fin a la hegemon\u00eda occidental sobre las instituciones pol\u00edticas, econ\u00f3micas y financieras internacionales.<\/p>\n<p>Por \u00faltimo, el jefe de la diplomacia reiter\u00f3 el apoyo de Siria a las aspiraciones de los pueblos de los pa\u00edses del Sur de alcanzar los objetivos de desarrollo sostenible, lograr la seguridad y la paz y garantizar que nadie se quede atr\u00e1s.<\/p>\n<\/div>\n<\/div>\n<p style=\"text-align: justify;\">fm<\/p>\n","protected":false},"excerpt":{"rendered":"<p>Damasco, 18 ago (SANA)\u00a0 El ministro sirio de Asuntos Exteriores, Faisal Al-Mekdad, conden\u00f3 hoy las medidas coercitivas unilaterales impuestas por Estados Unidos y Occidente a los pa\u00edses en v\u00eda de desarrollo y las tach\u00f3 de terrorismo econ\u00f3mico. La postura del canciller fue expresada en su discurso pronunciado v\u00eda Internet ante la tercera cumbre de la &hellip;<\/p>\n","protected":false},"author":34,"featured_media":336203,"comment_status":"closed","ping_status":"closed","sticky":false,"template":"","format":"standard","meta":{"footnotes":""},"categories":[447,597,20724,476,467,583],"tags":[],"class_list":["post-336202","post","type-post","status-publish","format-standard","has-post-thumbnail","","category-local-politica","category-cinta-de-noticias","category-minuto-a-minuto","category-locales","category-siria-y-el-mundo","category-slide"],"_links":{"self":[{"href":"https:\/\/archive.sana.sy\/es\/index.php?rest_route=\/wp\/v2\/posts\/336202"}],"collection":[{"href":"https:\/\/archive.sana.sy\/es\/index.php?rest_route=\/wp\/v2\/posts"}],"about":[{"href":"https:\/\/archive.sana.sy\/es\/index.php?rest_route=\/wp\/v2\/types\/post"}],"author":[{"embeddable":true,"href":"https:\/\/archive.sana.sy\/es\/index.php?rest_route=\/wp\/v2\/users\/34"}],"replies":[{"embeddable":true,"href":"https:\/\/archive.sana.sy\/es\/index.php?rest_route=%2Fwp%2Fv2%2Fcomments&post=336202"}],"version-history":[{"count":2,"href":"https:\/\/archive.sana.sy\/es\/index.php?rest_route=\/wp\/v2\/posts\/336202\/revisions"}],"predecessor-version":[{"id":336269,"href":"https:\/\/archive.sana.sy\/es\/index.php?rest_route=\/wp\/v2\/posts\/336202\/revisions\/336269"}],"wp:featuredmedia":[{"embeddable":true,"href":"https:\/\/archive.sana.sy\/es\/index.php?rest_route=\/wp\/v2\/media\/336203"}],"wp:attachment":[{"href":"https:\/\/archive.sana.sy\/es\/index.php?rest_route=%2Fwp%2Fv2%2Fmedia&parent=336202"}],"wp:term":[{"taxonomy":"category","embeddable":true,"href":"https:\/\/archive.sana.sy\/es\/index.php?rest_route=%2Fwp%2Fv2%2Fcategories&post=336202"},{"taxonomy":"post_tag","embeddable":true,"href":"https:\/\/archive.sana.sy\/es\/index.php?rest_route=%2Fwp%2Fv2%2Ftags&post=336202"}],"curies":[{"name":"wp","href":"https:\/\/api.w.org\/{rel}","templated":true}]}}