{"id":336265,"date":"2024-08-18T09:05:59","date_gmt":"2024-08-18T06:05:59","guid":{"rendered":"https:\/\/sana.sy\/es\/?p=336265"},"modified":"2024-08-18T19:26:24","modified_gmt":"2024-08-18T16:26:24","slug":"fuerzas-de-seguridad-rusas-arrestan-a-un-agente-de-la-inteligencia-ucraniano-en-lugansk","status":"publish","type":"post","link":"https:\/\/archive.sana.sy\/es\/?p=336265","title":{"rendered":"Fuerzas rusas arrestan a un agente de la inteligencia ucraniano en Lugansk"},"content":{"rendered":"<p style=\"text-align: justify;\"><span style=\"color: #800000;\"><strong>Mosc\u00fa, 18 ago (SANA)<\/strong><\/span> Las Fuerzas de Seguridad Federal de Rusia arrestaron a un ciudadano ucraniano que proporcion\u00f3 a la inteligencia militar ucraniana informaci\u00f3n sobre sitios en la Rep\u00fablica de Luhansk, para luego atacarlos por parte de las fuerzas de Kiev.<\/p>\n<p style=\"text-align: justify;\">La Seguridad Rusa indic\u00f3 que el agente se puso en contacto con la inteligencia de Kiev y entreg\u00f3 informaci\u00f3n de car\u00e1cter militar que hab\u00eda recopilado.<\/p>\n<p style=\"text-align: justify;\">El agente reconoci\u00f3 su intenci\u00f3n de unirse a las fuerzas ucranianas.<\/p>\n<p style=\"text-align: justify;\">fm\/rr<\/p>\n","protected":false},"excerpt":{"rendered":"<p>Mosc\u00fa, 18 ago (SANA) Las Fuerzas de Seguridad Federal de Rusia arrestaron a un ciudadano ucraniano que proporcion\u00f3 a la inteligencia militar ucraniana informaci\u00f3n sobre sitios en la Rep\u00fablica de Luhansk, para luego atacarlos por parte de las fuerzas de Kiev. La Seguridad Rusa indic\u00f3 que el agente se puso en contacto con la inteligencia &hellip;<\/p>\n","protected":false},"author":31,"featured_media":336266,"comment_status":"closed","ping_status":"closed","sticky":false,"template":"","format":"standard","meta":{"footnotes":""},"categories":[597,456,16687,7541],"tags":[],"class_list":["post-336265","post","type-post","status-publish","format-standard","has-post-thumbnail","","category-cinta-de-noticias","category-arabe-internacional-politica","category-internacionales","category-ultimas-noticias"],"_links":{"self":[{"href":"https:\/\/archive.sana.sy\/es\/index.php?rest_route=\/wp\/v2\/posts\/336265"}],"collection":[{"href":"https:\/\/archive.sana.sy\/es\/index.php?rest_route=\/wp\/v2\/posts"}],"about":[{"href":"https:\/\/archive.sana.sy\/es\/index.php?rest_route=\/wp\/v2\/types\/post"}],"author":[{"embeddable":true,"href":"https:\/\/archive.sana.sy\/es\/index.php?rest_route=\/wp\/v2\/users\/31"}],"replies":[{"embeddable":true,"href":"https:\/\/archive.sana.sy\/es\/index.php?rest_route=%2Fwp%2Fv2%2Fcomments&post=336265"}],"version-history":[{"count":2,"href":"https:\/\/archive.sana.sy\/es\/index.php?rest_route=\/wp\/v2\/posts\/336265\/revisions"}],"predecessor-version":[{"id":336268,"href":"https:\/\/archive.sana.sy\/es\/index.php?rest_route=\/wp\/v2\/posts\/336265\/revisions\/336268"}],"wp:featuredmedia":[{"embeddable":true,"href":"https:\/\/archive.sana.sy\/es\/index.php?rest_route=\/wp\/v2\/media\/336266"}],"wp:attachment":[{"href":"https:\/\/archive.sana.sy\/es\/index.php?rest_route=%2Fwp%2Fv2%2Fmedia&parent=336265"}],"wp:term":[{"taxonomy":"category","embeddable":true,"href":"https:\/\/archive.sana.sy\/es\/index.php?rest_route=%2Fwp%2Fv2%2Fcategories&post=336265"},{"taxonomy":"post_tag","embeddable":true,"href":"https:\/\/archive.sana.sy\/es\/index.php?rest_route=%2Fwp%2Fv2%2Ftags&post=336265"}],"curies":[{"name":"wp","href":"https:\/\/api.w.org\/{rel}","templated":true}]}}