{"id":336270,"date":"2024-08-18T09:10:54","date_gmt":"2024-08-18T06:10:54","guid":{"rendered":"https:\/\/sana.sy\/es\/?p=336270"},"modified":"2024-08-18T19:26:36","modified_gmt":"2024-08-18T16:26:36","slug":"tres-soldados-de-fpnul-heridos-en-una-explosion-en-el-sur-de-libano","status":"publish","type":"post","link":"https:\/\/archive.sana.sy\/es\/?p=336270","title":{"rendered":"Tres soldados de FPNUL heridos en una explosi\u00f3n en el sur de L\u00edbano"},"content":{"rendered":"<p style=\"text-align: justify;\"><span style=\"color: #800000;\"><strong>Beirut, 18 ago (SANA)\u00a0<\/strong><\/span> Tres soldados de la Fuerza Provisional de las Naciones Unidas en el L\u00edbano (FPNUL) resultaron levemente heridos a consecuencia de una explosi\u00f3n que tuvo lugar en el sur del L\u00edbano.<\/p>\n<p style=\"text-align: justify;\">\u201cLos tres cascos azules estaban de patrulla en las inmediaciones de la localidad de Yarin, al sur del L\u00edbano, cuando se produjo una explosi\u00f3n cerca de su veh\u00edculo que claramente lleva el emblema de las Naciones Unidas\u201d, cit\u00f3 la agencia libanesa nacional de noticias NNA al portavoz de la FPNUL.<\/p>\n<p style=\"text-align: justify;\">Detall\u00f3 que los soldados de la patrulla regresaron salvos a su base y que se est\u00e1 investigando el incidente.<\/p>\n<p style=\"text-align: justify;\">rr<\/p>\n","protected":false},"excerpt":{"rendered":"<p>Beirut, 18 ago (SANA)\u00a0 Tres soldados de la Fuerza Provisional de las Naciones Unidas en el L\u00edbano (FPNUL) resultaron levemente heridos a consecuencia de una explosi\u00f3n que tuvo lugar en el sur del L\u00edbano. \u201cLos tres cascos azules estaban de patrulla en las inmediaciones de la localidad de Yarin, al sur del L\u00edbano, cuando se &hellip;<\/p>\n","protected":false},"author":31,"featured_media":336271,"comment_status":"closed","ping_status":"closed","sticky":false,"template":"","format":"standard","meta":{"footnotes":""},"categories":[597,456,16687,7541],"tags":[],"class_list":["post-336270","post","type-post","status-publish","format-standard","has-post-thumbnail","","category-cinta-de-noticias","category-arabe-internacional-politica","category-internacionales","category-ultimas-noticias"],"_links":{"self":[{"href":"https:\/\/archive.sana.sy\/es\/index.php?rest_route=\/wp\/v2\/posts\/336270"}],"collection":[{"href":"https:\/\/archive.sana.sy\/es\/index.php?rest_route=\/wp\/v2\/posts"}],"about":[{"href":"https:\/\/archive.sana.sy\/es\/index.php?rest_route=\/wp\/v2\/types\/post"}],"author":[{"embeddable":true,"href":"https:\/\/archive.sana.sy\/es\/index.php?rest_route=\/wp\/v2\/users\/31"}],"replies":[{"embeddable":true,"href":"https:\/\/archive.sana.sy\/es\/index.php?rest_route=%2Fwp%2Fv2%2Fcomments&post=336270"}],"version-history":[{"count":1,"href":"https:\/\/archive.sana.sy\/es\/index.php?rest_route=\/wp\/v2\/posts\/336270\/revisions"}],"predecessor-version":[{"id":336272,"href":"https:\/\/archive.sana.sy\/es\/index.php?rest_route=\/wp\/v2\/posts\/336270\/revisions\/336272"}],"wp:featuredmedia":[{"embeddable":true,"href":"https:\/\/archive.sana.sy\/es\/index.php?rest_route=\/wp\/v2\/media\/336271"}],"wp:attachment":[{"href":"https:\/\/archive.sana.sy\/es\/index.php?rest_route=%2Fwp%2Fv2%2Fmedia&parent=336270"}],"wp:term":[{"taxonomy":"category","embeddable":true,"href":"https:\/\/archive.sana.sy\/es\/index.php?rest_route=%2Fwp%2Fv2%2Fcategories&post=336270"},{"taxonomy":"post_tag","embeddable":true,"href":"https:\/\/archive.sana.sy\/es\/index.php?rest_route=%2Fwp%2Fv2%2Ftags&post=336270"}],"curies":[{"name":"wp","href":"https:\/\/api.w.org\/{rel}","templated":true}]}}