{"id":336289,"date":"2024-08-19T16:50:59","date_gmt":"2024-08-19T13:50:59","guid":{"rendered":"https:\/\/sana.sy\/es\/?p=336289"},"modified":"2024-08-19T18:28:19","modified_gmt":"2024-08-19T15:28:19","slug":"suman-casi-133-mil-la-cifra-de-muertos-y-heridos-durante-318-dias-de-agresion-israeli-contra-gaza","status":"publish","type":"post","link":"https:\/\/archive.sana.sy\/es\/?p=336289","title":{"rendered":"Suman casi 133 mil la cifra de muertos y heridos durante 318 d\u00edas de agresi\u00f3n israel\u00ed contra Gaza"},"content":{"rendered":"<p style=\"text-align: justify;\"><span style=\"color: #800000;\"><strong>Jerusal\u00e9n ocupada, 19 ago (SANA)<\/strong> <\/span>El Ministerio de Salud palestino inform\u00f3 hoy que la cifra total de v\u00edctimas durante 318 d\u00edas de agresi\u00f3n israel\u00ed contra la Franja de Gaza ascendi\u00f3 a casi 133 mil muertos y heridos.<\/p>\n<p style=\"text-align: justify;\">En un comunicado, el ente de salud precis\u00f3 que durante las \u00faltimas 24 horas, el ocupante israel\u00ed cometi\u00f3 3 masacres en la Franja de Gaza, con un saldo de 40 muertos y 134 heridos.<\/p>\n<p style=\"text-align: justify;\">El n\u00famero total de v\u00edctimas de la actual agresi\u00f3n aument\u00f3 a 40.139 muertos y 92.743 heridos.<\/p>\n<p style=\"text-align: justify;\">Miles de v\u00edctimas todav\u00eda se encuentran bajo los escombros y en las carreteras, y las ambulancias y los equipos de defensa civil no pueden llegar a los mismos para evacuarlos.<\/p>\n<p style=\"text-align: justify;\">fm\/ed<\/p>\n","protected":false},"excerpt":{"rendered":"<p>Jerusal\u00e9n ocupada, 19 ago (SANA) El Ministerio de Salud palestino inform\u00f3 hoy que la cifra total de v\u00edctimas durante 318 d\u00edas de agresi\u00f3n israel\u00ed contra la Franja de Gaza ascendi\u00f3 a casi 133 mil muertos y heridos. En un comunicado, el ente de salud precis\u00f3 que durante las \u00faltimas 24 horas, el ocupante israel\u00ed cometi\u00f3 &hellip;<\/p>\n","protected":false},"author":32,"featured_media":336291,"comment_status":"closed","ping_status":"closed","sticky":false,"template":"","format":"standard","meta":{"footnotes":""},"categories":[597,456,20724,583],"tags":[],"class_list":["post-336289","post","type-post","status-publish","format-standard","has-post-thumbnail","","category-cinta-de-noticias","category-arabe-internacional-politica","category-minuto-a-minuto","category-slide"],"_links":{"self":[{"href":"https:\/\/archive.sana.sy\/es\/index.php?rest_route=\/wp\/v2\/posts\/336289"}],"collection":[{"href":"https:\/\/archive.sana.sy\/es\/index.php?rest_route=\/wp\/v2\/posts"}],"about":[{"href":"https:\/\/archive.sana.sy\/es\/index.php?rest_route=\/wp\/v2\/types\/post"}],"author":[{"embeddable":true,"href":"https:\/\/archive.sana.sy\/es\/index.php?rest_route=\/wp\/v2\/users\/32"}],"replies":[{"embeddable":true,"href":"https:\/\/archive.sana.sy\/es\/index.php?rest_route=%2Fwp%2Fv2%2Fcomments&post=336289"}],"version-history":[{"count":1,"href":"https:\/\/archive.sana.sy\/es\/index.php?rest_route=\/wp\/v2\/posts\/336289\/revisions"}],"predecessor-version":[{"id":336292,"href":"https:\/\/archive.sana.sy\/es\/index.php?rest_route=\/wp\/v2\/posts\/336289\/revisions\/336292"}],"wp:featuredmedia":[{"embeddable":true,"href":"https:\/\/archive.sana.sy\/es\/index.php?rest_route=\/wp\/v2\/media\/336291"}],"wp:attachment":[{"href":"https:\/\/archive.sana.sy\/es\/index.php?rest_route=%2Fwp%2Fv2%2Fmedia&parent=336289"}],"wp:term":[{"taxonomy":"category","embeddable":true,"href":"https:\/\/archive.sana.sy\/es\/index.php?rest_route=%2Fwp%2Fv2%2Fcategories&post=336289"},{"taxonomy":"post_tag","embeddable":true,"href":"https:\/\/archive.sana.sy\/es\/index.php?rest_route=%2Fwp%2Fv2%2Ftags&post=336289"}],"curies":[{"name":"wp","href":"https:\/\/api.w.org\/{rel}","templated":true}]}}