{"id":336290,"date":"2024-08-19T13:16:15","date_gmt":"2024-08-19T10:16:15","guid":{"rendered":"https:\/\/sana.sy\/es\/?p=336290"},"modified":"2024-08-19T13:16:15","modified_gmt":"2024-08-19T10:16:15","slug":"dos-muertos-en-ataque-aereo-israeli-contra-la-localidad-libanesa-de-hula","status":"publish","type":"post","link":"https:\/\/archive.sana.sy\/es\/?p=336290","title":{"rendered":"Dos muertos en ataque a\u00e9reo israel\u00ed contra la localidad libanesa de Hula"},"content":{"rendered":"<p style=\"text-align: justify;\"><span style=\"color: #800000;\"><strong>Beirut, 19 ago (SANA)<\/strong> <\/span>Dos civiles libaneses perdieron la vida hoy tras un ataque lanzado por aviones israel\u00edes contra la localidad de Hula, al sur del L\u00edbano.<\/p>\n<p style=\"text-align: justify;\">En un comunicado, el Ministerio de Salud P\u00fablica liban\u00e9s aclar\u00f3 que un ataque del enemigo israel\u00ed en la referida localidad provoc\u00f3 la muerte de dos personas.<\/p>\n<p style=\"text-align: justify;\">Asimismo, la aviaci\u00f3n b\u00e9lica israel\u00ed atac\u00f3 la ciudad de Aita al-Shaab, en el distrito de Bint Jbeil, lo que provoc\u00f3 graves da\u00f1os en propiedades e infraestructuras.<\/p>\n<p style=\"text-align: justify;\">ed\/fm<\/p>\n","protected":false},"excerpt":{"rendered":"<p>Beirut, 19 ago (SANA) Dos civiles libaneses perdieron la vida hoy tras un ataque lanzado por aviones israel\u00edes contra la localidad de Hula, al sur del L\u00edbano. En un comunicado, el Ministerio de Salud P\u00fablica liban\u00e9s aclar\u00f3 que un ataque del enemigo israel\u00ed en la referida localidad provoc\u00f3 la muerte de dos personas. Asimismo, la &hellip;<\/p>\n","protected":false},"author":32,"featured_media":336293,"comment_status":"closed","ping_status":"closed","sticky":false,"template":"","format":"standard","meta":{"footnotes":""},"categories":[597,456,20724,7541],"tags":[],"class_list":["post-336290","post","type-post","status-publish","format-standard","has-post-thumbnail","","category-cinta-de-noticias","category-arabe-internacional-politica","category-minuto-a-minuto","category-ultimas-noticias"],"_links":{"self":[{"href":"https:\/\/archive.sana.sy\/es\/index.php?rest_route=\/wp\/v2\/posts\/336290"}],"collection":[{"href":"https:\/\/archive.sana.sy\/es\/index.php?rest_route=\/wp\/v2\/posts"}],"about":[{"href":"https:\/\/archive.sana.sy\/es\/index.php?rest_route=\/wp\/v2\/types\/post"}],"author":[{"embeddable":true,"href":"https:\/\/archive.sana.sy\/es\/index.php?rest_route=\/wp\/v2\/users\/32"}],"replies":[{"embeddable":true,"href":"https:\/\/archive.sana.sy\/es\/index.php?rest_route=%2Fwp%2Fv2%2Fcomments&post=336290"}],"version-history":[{"count":1,"href":"https:\/\/archive.sana.sy\/es\/index.php?rest_route=\/wp\/v2\/posts\/336290\/revisions"}],"predecessor-version":[{"id":336294,"href":"https:\/\/archive.sana.sy\/es\/index.php?rest_route=\/wp\/v2\/posts\/336290\/revisions\/336294"}],"wp:featuredmedia":[{"embeddable":true,"href":"https:\/\/archive.sana.sy\/es\/index.php?rest_route=\/wp\/v2\/media\/336293"}],"wp:attachment":[{"href":"https:\/\/archive.sana.sy\/es\/index.php?rest_route=%2Fwp%2Fv2%2Fmedia&parent=336290"}],"wp:term":[{"taxonomy":"category","embeddable":true,"href":"https:\/\/archive.sana.sy\/es\/index.php?rest_route=%2Fwp%2Fv2%2Fcategories&post=336290"},{"taxonomy":"post_tag","embeddable":true,"href":"https:\/\/archive.sana.sy\/es\/index.php?rest_route=%2Fwp%2Fv2%2Ftags&post=336290"}],"curies":[{"name":"wp","href":"https:\/\/api.w.org\/{rel}","templated":true}]}}