{"id":336301,"date":"2024-08-19T13:10:43","date_gmt":"2024-08-19T10:10:43","guid":{"rendered":"https:\/\/sana.sy\/es\/?p=336301"},"modified":"2024-08-19T18:27:17","modified_gmt":"2024-08-19T15:27:17","slug":"siria-esta-libre-de-la-viruela-simica-afirma-ministerio-de-salud","status":"publish","type":"post","link":"https:\/\/archive.sana.sy\/es\/?p=336301","title":{"rendered":"Siria est\u00e1 libre de la viruela s\u00edmica, afirma Ministerio de Salud"},"content":{"rendered":"<p style=\"text-align: justify;\"><span style=\"color: #800000;\"><strong>Damasco, 19 ago (SANA)<\/strong><\/span> El Ministerio de Salud anunci\u00f3 hoy que Siria est\u00e1 libre de la viruela s\u00edmica y subray\u00f3 que el sector de la salud est\u00e1 preparado de manera proactiva al hacer circular las medidas de precauci\u00f3n que deben tomarse a todos los equipos de monitoreo temprano e investigaci\u00f3n epidemiol\u00f3gica en todas las gobernaciones, y a los trabajadores de la salud, en particular en los pasos fronterizos.<\/p>\n<p style=\"text-align: justify;\">En un comunicado, el Ministerio explic\u00f3 que volvi\u00f3 a hacer otra circular pidiendo procedimientos m\u00e1s estrictos tras el segundo anuncio de la Organizaci\u00f3n Mundial de la Salud el 14 de agosto de 2024, en que expresa su preocupaci\u00f3n por el aumento significativo del brote de viruela s\u00edmica en la Rep\u00fablica Democr\u00e1tica del Congo y un n\u00famero cada vez mayor de pa\u00edses de \u00c1frica.<\/p>\n<p style=\"text-align: justify;\">El Ministerio llam\u00f3 a los ciudadanos a no creer en los rumores e informaci\u00f3n falsa y a obtener informaci\u00f3n relacionada con asuntos de salud p\u00fablica exclusivamente de las plataformas del Ministerio de Salud y de los medios de comunicaci\u00f3n oficiales.<br \/>\nLa viruela s\u00edmica es una enfermedad viral rara de origen zoon\u00f3tico, y el primer caso de infecci\u00f3n humana se registr\u00f3 en 1970 en la Rep\u00fablica Democr\u00e1tica del Congo, y en los a\u00f1os siguientes se extendieron brotes de viruela s\u00edmica en las regiones de \u00c1frica central y occidental.<\/p>\n<p style=\"text-align: justify;\">La enfermedad se puede prevenir mediante las mismas medidas de precauci\u00f3n frente a la Covid-19, como usar mascarilla cuando no hay posibilidad de distanciamiento f\u00edsico o cuando se sospecha que se trata de una persona infectada.<\/p>\n<p style=\"text-align: justify;\">En cuanto al tratamiento, el Ministerio afirm\u00f3 que no existen medicamentos ni vacunas espec\u00edficos disponibles para combatir la viruela s\u00edmica, pero se pueden utilizar algunos medicamentos antivirales e inmunoglobulinas, y se puede utilizar la vacuna VIG contra la viruela, que proporciona una protecci\u00f3n del 85 al 100 por ciento, pero no est\u00e1 ampliamente disponible en todos los pa\u00edses del mundo.<\/p>\n<p style=\"text-align: justify;\">fm\/ed<\/p>\n","protected":false},"excerpt":{"rendered":"<p>Damasco, 19 ago (SANA) El Ministerio de Salud anunci\u00f3 hoy que Siria est\u00e1 libre de la viruela s\u00edmica y subray\u00f3 que el sector de la salud est\u00e1 preparado de manera proactiva al hacer circular las medidas de precauci\u00f3n que deben tomarse a todos los equipos de monitoreo temprano e investigaci\u00f3n epidemiol\u00f3gica en todas las gobernaciones, &hellip;<\/p>\n","protected":false},"author":32,"featured_media":336302,"comment_status":"closed","ping_status":"closed","sticky":false,"template":"","format":"standard","meta":{"footnotes":""},"categories":[447,477,597,20724,476,583],"tags":[],"class_list":["post-336301","post","type-post","status-publish","format-standard","has-post-thumbnail","","category-local-politica","category-noticias-edulcorantes","category-cinta-de-noticias","category-minuto-a-minuto","category-locales","category-slide"],"_links":{"self":[{"href":"https:\/\/archive.sana.sy\/es\/index.php?rest_route=\/wp\/v2\/posts\/336301"}],"collection":[{"href":"https:\/\/archive.sana.sy\/es\/index.php?rest_route=\/wp\/v2\/posts"}],"about":[{"href":"https:\/\/archive.sana.sy\/es\/index.php?rest_route=\/wp\/v2\/types\/post"}],"author":[{"embeddable":true,"href":"https:\/\/archive.sana.sy\/es\/index.php?rest_route=\/wp\/v2\/users\/32"}],"replies":[{"embeddable":true,"href":"https:\/\/archive.sana.sy\/es\/index.php?rest_route=%2Fwp%2Fv2%2Fcomments&post=336301"}],"version-history":[{"count":1,"href":"https:\/\/archive.sana.sy\/es\/index.php?rest_route=\/wp\/v2\/posts\/336301\/revisions"}],"predecessor-version":[{"id":336303,"href":"https:\/\/archive.sana.sy\/es\/index.php?rest_route=\/wp\/v2\/posts\/336301\/revisions\/336303"}],"wp:featuredmedia":[{"embeddable":true,"href":"https:\/\/archive.sana.sy\/es\/index.php?rest_route=\/wp\/v2\/media\/336302"}],"wp:attachment":[{"href":"https:\/\/archive.sana.sy\/es\/index.php?rest_route=%2Fwp%2Fv2%2Fmedia&parent=336301"}],"wp:term":[{"taxonomy":"category","embeddable":true,"href":"https:\/\/archive.sana.sy\/es\/index.php?rest_route=%2Fwp%2Fv2%2Fcategories&post=336301"},{"taxonomy":"post_tag","embeddable":true,"href":"https:\/\/archive.sana.sy\/es\/index.php?rest_route=%2Fwp%2Fv2%2Ftags&post=336301"}],"curies":[{"name":"wp","href":"https:\/\/api.w.org\/{rel}","templated":true}]}}