{"id":336304,"date":"2024-08-19T15:43:29","date_gmt":"2024-08-19T12:43:29","guid":{"rendered":"https:\/\/sana.sy\/es\/?p=336304"},"modified":"2024-08-19T15:43:29","modified_gmt":"2024-08-19T12:43:29","slug":"putin-rusia-esta-dispuesta-a-ayudar-a-azerbaiyan-y-armenia-a-concluir-un-tratado-de-paz","status":"publish","type":"post","link":"https:\/\/archive.sana.sy\/es\/?p=336304","title":{"rendered":"Putin: Rusia est\u00e1 dispuesta a ayudar a Azerbaiy\u00e1n y Armenia a concluir un tratado de paz"},"content":{"rendered":"<p style=\"text-align: justify;\"><span style=\"color: #800000;\"><strong>Bak\u00fa, 19 ago (SANA)\u00a0 <\/strong><\/span>El presidente ruso, Vladimir Putin, confirm\u00f3 que Rusia y Azerbaiy\u00e1n tienen muchas v\u00edas para la acci\u00f3n conjunta y el fortalecimiento de las relaciones entre los dos pa\u00edses.<\/p>\n<p style=\"text-align: justify;\">\u00a0\u201cEst\u00e1 claro y es conocido por todos que Rusia se enfrenta a varias crisis, incluso a nivel ucraniano, pero la conexi\u00f3n hist\u00f3rica de Rusia con en el C\u00e1ucaso Meridional en los \u00faltimos a\u00f1os, nos dicta la necesidad de participar en estos eventos, por supuesto, dentro de los l\u00edmites de lo que las dos partes soliciten\u201d, dijo Putin hoy durante su reuni\u00f3n con su hom\u00f3logo azerbaiyano Ilham Aliyev en Bak\u00fa, inform\u00f3 el sitio web RT.<\/p>\n<p style=\"text-align: justify;\">El mandatario ruso explic\u00f3 que despu\u00e9s de su visita a Azerbaiy\u00e1n se pondr\u00eda en contacto con el primer ministro armenio, Nikol Pashinyan, para informarle de los resultados de las conversaciones.<\/p>\n<p style=\"text-align: justify;\">Se\u00f1al\u00f3 que Azerbaiy\u00e1n busca completar todos los procedimientos para una soluci\u00f3n integral de la situaci\u00f3n con Armenia,\u00a0 asegur\u00f3 que Mosc\u00fa est\u00e1 dispuesta a ayudar a Bak\u00fa y Erev\u00e1n a concluir un tratado de paz.<\/p>\n<p style=\"text-align: justify;\">Por su parte, el titular azerbaiyano destac\u00f3 que su pa\u00eds est\u00e1 satisfecho con el nivel de interacci\u00f3n con la Federaci\u00f3n de Rusia y manifest\u00f3 su confianza en que la visita del presidente ruso a Azerbaiy\u00e1n fortalecer\u00e1 los lazos entre ambas naciones.<\/p>\n<p style=\"text-align: justify;\">sm<\/p>\n","protected":false},"excerpt":{"rendered":"<p>Bak\u00fa, 19 ago (SANA)\u00a0 El presidente ruso, Vladimir Putin, confirm\u00f3 que Rusia y Azerbaiy\u00e1n tienen muchas v\u00edas para la acci\u00f3n conjunta y el fortalecimiento de las relaciones entre los dos pa\u00edses. \u00a0\u201cEst\u00e1 claro y es conocido por todos que Rusia se enfrenta a varias crisis, incluso a nivel ucraniano, pero la conexi\u00f3n hist\u00f3rica de Rusia &hellip;<\/p>\n","protected":false},"author":39,"featured_media":336305,"comment_status":"closed","ping_status":"closed","sticky":false,"template":"","format":"standard","meta":{"footnotes":""},"categories":[597,456,16687,20724,7541],"tags":[],"class_list":["post-336304","post","type-post","status-publish","format-standard","has-post-thumbnail","","category-cinta-de-noticias","category-arabe-internacional-politica","category-internacionales","category-minuto-a-minuto","category-ultimas-noticias"],"_links":{"self":[{"href":"https:\/\/archive.sana.sy\/es\/index.php?rest_route=\/wp\/v2\/posts\/336304"}],"collection":[{"href":"https:\/\/archive.sana.sy\/es\/index.php?rest_route=\/wp\/v2\/posts"}],"about":[{"href":"https:\/\/archive.sana.sy\/es\/index.php?rest_route=\/wp\/v2\/types\/post"}],"author":[{"embeddable":true,"href":"https:\/\/archive.sana.sy\/es\/index.php?rest_route=\/wp\/v2\/users\/39"}],"replies":[{"embeddable":true,"href":"https:\/\/archive.sana.sy\/es\/index.php?rest_route=%2Fwp%2Fv2%2Fcomments&post=336304"}],"version-history":[{"count":1,"href":"https:\/\/archive.sana.sy\/es\/index.php?rest_route=\/wp\/v2\/posts\/336304\/revisions"}],"predecessor-version":[{"id":336306,"href":"https:\/\/archive.sana.sy\/es\/index.php?rest_route=\/wp\/v2\/posts\/336304\/revisions\/336306"}],"wp:featuredmedia":[{"embeddable":true,"href":"https:\/\/archive.sana.sy\/es\/index.php?rest_route=\/wp\/v2\/media\/336305"}],"wp:attachment":[{"href":"https:\/\/archive.sana.sy\/es\/index.php?rest_route=%2Fwp%2Fv2%2Fmedia&parent=336304"}],"wp:term":[{"taxonomy":"category","embeddable":true,"href":"https:\/\/archive.sana.sy\/es\/index.php?rest_route=%2Fwp%2Fv2%2Fcategories&post=336304"},{"taxonomy":"post_tag","embeddable":true,"href":"https:\/\/archive.sana.sy\/es\/index.php?rest_route=%2Fwp%2Fv2%2Ftags&post=336304"}],"curies":[{"name":"wp","href":"https:\/\/api.w.org\/{rel}","templated":true}]}}