{"id":336311,"date":"2024-08-19T17:17:26","date_gmt":"2024-08-19T14:17:26","guid":{"rendered":"https:\/\/sana.sy\/es\/?p=336311"},"modified":"2024-08-19T17:17:26","modified_gmt":"2024-08-19T14:17:26","slug":"fuerzas-rusas-eliminan-a-mas-de-330-soldados-ucranianos-en-kursk","status":"publish","type":"post","link":"https:\/\/archive.sana.sy\/es\/?p=336311","title":{"rendered":"Fuerzas rusas eliminan a m\u00e1s de 330 soldados ucranianos en Kursk"},"content":{"rendered":"<p style=\"text-align: justify;\"><span style=\"color: #800000;\"><strong>Mosc\u00fa, 19 ago (SANA)<\/strong><\/span> El Ministerio de Defensa ruso anunci\u00f3 hoy que las fuerzas del r\u00e9gimen de Kiev perdieron a m\u00e1s de 330 soldados y varios veh\u00edculos blindados durante las operaciones que tuvieron lugar en las \u00faltimas horas en la provincia de Kursk.<\/p>\n<p style=\"text-align: justify;\">\u201cDurante el d\u00eda, las p\u00e9rdidas de las tropas ucranianas llegaron a m\u00e1s de 330 soldados y 27 veh\u00edculos blindados, incluidos cuatro tanques, un veh\u00edculo de combate de infanter\u00eda, tres veh\u00edculos de transporte de tropas y 19 blindados, adem\u00e1s de ocho veh\u00edculos y dos ca\u00f1ones\u201d, detall\u00f3 el ente castrense en un comunicado.<\/p>\n<p style=\"text-align: justify;\">Agreg\u00f3 que la fuerza a\u00e9rea rusa llev\u00f3 a cabo ataques en zonas de despliegue para personal y equipo militares en la regi\u00f3n de Sumy.<\/p>\n<p style=\"text-align: justify;\">Las p\u00e9rdidas totales de las fuerzas ucranianas en el eje de Kursk desde el inicio de la incursi\u00f3n ascendieron a 3.800 soldados, 54 tanques y 48 veh\u00edculos blindados de transporte de tropas, concluy\u00f3 la cartera militar.<\/p>\n<p style=\"text-align: justify;\">El d\u00eda 6 del mes en curso, las fuerzas ucranianas llevaron a cabo una incursi\u00f3n contra territorio ruso en Kursk. El jefe del Estado Mayor ruso, Valery Gerasimov, afirm\u00f3 que este ataque terrorista contra Kursk terminar\u00e1 en una derrota para Kiev.<\/p>\n<p>ahs\/fm<\/p>\n","protected":false},"excerpt":{"rendered":"<p>Mosc\u00fa, 19 ago (SANA) El Ministerio de Defensa ruso anunci\u00f3 hoy que las fuerzas del r\u00e9gimen de Kiev perdieron a m\u00e1s de 330 soldados y varios veh\u00edculos blindados durante las operaciones que tuvieron lugar en las \u00faltimas horas en la provincia de Kursk. \u201cDurante el d\u00eda, las p\u00e9rdidas de las tropas ucranianas llegaron a m\u00e1s &hellip;<\/p>\n","protected":false},"author":43,"featured_media":336312,"comment_status":"closed","ping_status":"closed","sticky":false,"template":"","format":"standard","meta":{"footnotes":""},"categories":[597,456,16687,20724,7541],"tags":[],"class_list":["post-336311","post","type-post","status-publish","format-standard","has-post-thumbnail","","category-cinta-de-noticias","category-arabe-internacional-politica","category-internacionales","category-minuto-a-minuto","category-ultimas-noticias"],"_links":{"self":[{"href":"https:\/\/archive.sana.sy\/es\/index.php?rest_route=\/wp\/v2\/posts\/336311"}],"collection":[{"href":"https:\/\/archive.sana.sy\/es\/index.php?rest_route=\/wp\/v2\/posts"}],"about":[{"href":"https:\/\/archive.sana.sy\/es\/index.php?rest_route=\/wp\/v2\/types\/post"}],"author":[{"embeddable":true,"href":"https:\/\/archive.sana.sy\/es\/index.php?rest_route=\/wp\/v2\/users\/43"}],"replies":[{"embeddable":true,"href":"https:\/\/archive.sana.sy\/es\/index.php?rest_route=%2Fwp%2Fv2%2Fcomments&post=336311"}],"version-history":[{"count":1,"href":"https:\/\/archive.sana.sy\/es\/index.php?rest_route=\/wp\/v2\/posts\/336311\/revisions"}],"predecessor-version":[{"id":336313,"href":"https:\/\/archive.sana.sy\/es\/index.php?rest_route=\/wp\/v2\/posts\/336311\/revisions\/336313"}],"wp:featuredmedia":[{"embeddable":true,"href":"https:\/\/archive.sana.sy\/es\/index.php?rest_route=\/wp\/v2\/media\/336312"}],"wp:attachment":[{"href":"https:\/\/archive.sana.sy\/es\/index.php?rest_route=%2Fwp%2Fv2%2Fmedia&parent=336311"}],"wp:term":[{"taxonomy":"category","embeddable":true,"href":"https:\/\/archive.sana.sy\/es\/index.php?rest_route=%2Fwp%2Fv2%2Fcategories&post=336311"},{"taxonomy":"post_tag","embeddable":true,"href":"https:\/\/archive.sana.sy\/es\/index.php?rest_route=%2Fwp%2Fv2%2Ftags&post=336311"}],"curies":[{"name":"wp","href":"https:\/\/api.w.org\/{rel}","templated":true}]}}