{"id":336345,"date":"2024-08-20T14:05:12","date_gmt":"2024-08-20T11:05:12","guid":{"rendered":"https:\/\/sana.sy\/es\/?p=336345"},"modified":"2024-08-20T20:12:03","modified_gmt":"2024-08-20T17:12:03","slug":"16-mil-480-ninos-palestinos-fueron-asesinados-por-2israel-en-gaza-desde-octubre","status":"publish","type":"post","link":"https:\/\/archive.sana.sy\/es\/?p=336345","title":{"rendered":"16 mil 480 ni\u00f1os palestinos fueron asesinados por &#8220;Israel&#8221; en Gaza desde octubre"},"content":{"rendered":"<p style=\"text-align: justify\"><span style=\"color: #800000\"><strong>Jerusal\u00e9n ocupada 20 ago (SANA)<\/strong> <\/span>El Ej\u00e9rcito de ocupaci\u00f3n israel\u00ed asesin\u00f3 a 16 mil 480 menores de edad palestinos en la Franja de Gaza desde el comienzo de su agresi\u00f3n en octubre del pasado a\u00f1o.<\/p>\n<p style=\"text-align: justify\">Seg\u00fan la Oficina de Prensa en Gaza, el ocuoante israel\u00ed cometi\u00f3 deliberadamente masacres contra ni\u00f1os palestinos en Gaza de manera clara y masiva y precis\u00f3 que de esa cifra, 115 nacieron y murieron durante el conflicto.<\/p>\n<p style=\"text-align: justify\">En total, 35 fallecieron como consecuencia del hambre y la desnutrici\u00f3n, una situaci\u00f3n que afecta a unos tres mil 500 de ellos en todo el enclave costero, advirti\u00f3.<\/p>\n<p style=\"text-align: justify\">Aclar\u00f3 que m\u00e1s de \u201c17 mil ni\u00f1os viven sin sus padres o sin uno de ellos\u201d en el territorio porque fueron asesinados por los militares israel\u00edes.<\/p>\n<p style=\"text-align: justify\">fm\/as<\/p>\n","protected":false},"excerpt":{"rendered":"<p>Jerusal\u00e9n ocupada 20 ago (SANA) El Ej\u00e9rcito de ocupaci\u00f3n israel\u00ed asesin\u00f3 a 16 mil 480 menores de edad palestinos en la Franja de Gaza desde el comienzo de su agresi\u00f3n en octubre del pasado a\u00f1o. Seg\u00fan la Oficina de Prensa en Gaza, el ocuoante israel\u00ed cometi\u00f3 deliberadamente masacres contra ni\u00f1os palestinos en Gaza de manera &hellip;<\/p>\n","protected":false},"author":42,"featured_media":336346,"comment_status":"closed","ping_status":"closed","sticky":false,"template":"","format":"standard","meta":{"footnotes":""},"categories":[597,456,16687,20724,583],"tags":[],"class_list":["post-336345","post","type-post","status-publish","format-standard","has-post-thumbnail","","category-cinta-de-noticias","category-arabe-internacional-politica","category-internacionales","category-minuto-a-minuto","category-slide"],"_links":{"self":[{"href":"https:\/\/archive.sana.sy\/es\/index.php?rest_route=\/wp\/v2\/posts\/336345"}],"collection":[{"href":"https:\/\/archive.sana.sy\/es\/index.php?rest_route=\/wp\/v2\/posts"}],"about":[{"href":"https:\/\/archive.sana.sy\/es\/index.php?rest_route=\/wp\/v2\/types\/post"}],"author":[{"embeddable":true,"href":"https:\/\/archive.sana.sy\/es\/index.php?rest_route=\/wp\/v2\/users\/42"}],"replies":[{"embeddable":true,"href":"https:\/\/archive.sana.sy\/es\/index.php?rest_route=%2Fwp%2Fv2%2Fcomments&post=336345"}],"version-history":[{"count":1,"href":"https:\/\/archive.sana.sy\/es\/index.php?rest_route=\/wp\/v2\/posts\/336345\/revisions"}],"predecessor-version":[{"id":336369,"href":"https:\/\/archive.sana.sy\/es\/index.php?rest_route=\/wp\/v2\/posts\/336345\/revisions\/336369"}],"wp:featuredmedia":[{"embeddable":true,"href":"https:\/\/archive.sana.sy\/es\/index.php?rest_route=\/wp\/v2\/media\/336346"}],"wp:attachment":[{"href":"https:\/\/archive.sana.sy\/es\/index.php?rest_route=%2Fwp%2Fv2%2Fmedia&parent=336345"}],"wp:term":[{"taxonomy":"category","embeddable":true,"href":"https:\/\/archive.sana.sy\/es\/index.php?rest_route=%2Fwp%2Fv2%2Fcategories&post=336345"},{"taxonomy":"post_tag","embeddable":true,"href":"https:\/\/archive.sana.sy\/es\/index.php?rest_route=%2Fwp%2Fv2%2Ftags&post=336345"}],"curies":[{"name":"wp","href":"https:\/\/api.w.org\/{rel}","templated":true}]}}