{"id":336362,"date":"2024-08-20T18:56:08","date_gmt":"2024-08-20T15:56:08","guid":{"rendered":"https:\/\/sana.sy\/es\/?p=336362"},"modified":"2024-08-20T18:56:08","modified_gmt":"2024-08-20T15:56:08","slug":"los-mercenarios-estadounidenses-bajo-el-ala-de-kiev-son-un-objetivo-legitimo-para-rusia","status":"publish","type":"post","link":"https:\/\/archive.sana.sy\/es\/?p=336362","title":{"rendered":"Los mercenarios estadounidenses bajo el ala de Kiev son un objetivo leg\u00edtimo para Rusia"},"content":{"rendered":"<p style=\"text-align: justify\"><span style=\"color: #800000\"><strong>Mosc\u00fa, 20 ago (SANA)<\/strong><\/span> El Ministerio de Asuntos Exteriores ruso anunci\u00f3 haber convocado hoy a la embajadora interina de Estados Unidos en Mosc\u00fa, Stephanie Holmes para entregarle una nota de protesta sobre el ingreso ilegal de periodistas estadounidenses en la regi\u00f3n de Kursk.<\/p>\n<p style=\"text-align: justify\">La Canciller\u00eda rusa tambi\u00e9n present\u00f3 a Holmes una protesta respecto a informaciones sobre la participaci\u00f3n de compa\u00f1\u00edas militares privadas estadounidenses al lado de Kiev en su ataque contra Kursk&#8221;, \u00a0destac\u00f3 en comunicado emitido este martes.<\/p>\n<p style=\"text-align: justify\">Confirm\u00f3 que &#8220;los mercenarios estadounidenses bajo el ala de las fuerzas ucranianas son un objetivo leg\u00edtimo para los ataques rusos\u201d.<\/p>\n<p style=\"text-align: justify\">El comunicado indic\u00f3 que Holmes fue informada de que la participaci\u00f3n de compa\u00f1\u00edas militares norteamericanas en el ataque contra el territorio ruso demuestra \u201cla implicaci\u00f3n directa de Washington en el conflicto\u201d.<\/p>\n<p style=\"text-align: justify\">Anteriormente, se publicaron en Instagram im\u00e1genes que documentan la participaci\u00f3n \u00a0de combatientes de la compa\u00f1\u00eda estadounidense <em>Forward Observation Group<\/em> en el ataque lanzado el seis de agosto por las tropas de Kiev contra la provincia fronteriza rusa de Kursk.<\/p>\n<p>&nbsp;<\/p>\n<p style=\"text-align: justify\">la<\/p>\n","protected":false},"excerpt":{"rendered":"<p>Mosc\u00fa, 20 ago (SANA) El Ministerio de Asuntos Exteriores ruso anunci\u00f3 haber convocado hoy a la embajadora interina de Estados Unidos en Mosc\u00fa, Stephanie Holmes para entregarle una nota de protesta sobre el ingreso ilegal de periodistas estadounidenses en la regi\u00f3n de Kursk. La Canciller\u00eda rusa tambi\u00e9n present\u00f3 a Holmes una protesta respecto a informaciones &hellip;<\/p>\n","protected":false},"author":24,"featured_media":336363,"comment_status":"closed","ping_status":"closed","sticky":false,"template":"","format":"standard","meta":{"footnotes":""},"categories":[597,456,20724,7541],"tags":[],"class_list":["post-336362","post","type-post","status-publish","format-standard","has-post-thumbnail","","category-cinta-de-noticias","category-arabe-internacional-politica","category-minuto-a-minuto","category-ultimas-noticias"],"_links":{"self":[{"href":"https:\/\/archive.sana.sy\/es\/index.php?rest_route=\/wp\/v2\/posts\/336362"}],"collection":[{"href":"https:\/\/archive.sana.sy\/es\/index.php?rest_route=\/wp\/v2\/posts"}],"about":[{"href":"https:\/\/archive.sana.sy\/es\/index.php?rest_route=\/wp\/v2\/types\/post"}],"author":[{"embeddable":true,"href":"https:\/\/archive.sana.sy\/es\/index.php?rest_route=\/wp\/v2\/users\/24"}],"replies":[{"embeddable":true,"href":"https:\/\/archive.sana.sy\/es\/index.php?rest_route=%2Fwp%2Fv2%2Fcomments&post=336362"}],"version-history":[{"count":1,"href":"https:\/\/archive.sana.sy\/es\/index.php?rest_route=\/wp\/v2\/posts\/336362\/revisions"}],"predecessor-version":[{"id":336364,"href":"https:\/\/archive.sana.sy\/es\/index.php?rest_route=\/wp\/v2\/posts\/336362\/revisions\/336364"}],"wp:featuredmedia":[{"embeddable":true,"href":"https:\/\/archive.sana.sy\/es\/index.php?rest_route=\/wp\/v2\/media\/336363"}],"wp:attachment":[{"href":"https:\/\/archive.sana.sy\/es\/index.php?rest_route=%2Fwp%2Fv2%2Fmedia&parent=336362"}],"wp:term":[{"taxonomy":"category","embeddable":true,"href":"https:\/\/archive.sana.sy\/es\/index.php?rest_route=%2Fwp%2Fv2%2Fcategories&post=336362"},{"taxonomy":"post_tag","embeddable":true,"href":"https:\/\/archive.sana.sy\/es\/index.php?rest_route=%2Fwp%2Fv2%2Ftags&post=336362"}],"curies":[{"name":"wp","href":"https:\/\/api.w.org\/{rel}","templated":true}]}}