{"id":336417,"date":"2024-08-21T19:07:14","date_gmt":"2024-08-21T16:07:14","guid":{"rendered":"https:\/\/sana.sy\/es\/?p=336417"},"modified":"2024-08-21T19:10:40","modified_gmt":"2024-08-21T16:10:40","slug":"eeuu-esta-apoyando-la-mas-peligrosa-entidad-terrorista-del-mundo-fustiga-kanaani","status":"publish","type":"post","link":"https:\/\/archive.sana.sy\/es\/?p=336417","title":{"rendered":"EEUU est\u00e1 apoyando la entidad terrorista m\u00e1s peligrosa del mundo, fustiga Kanaani"},"content":{"rendered":"<p style=\"text-align: justify\"><span style=\"color: #800000\"><strong>Teher\u00e1n, 21 ago (SANA)<\/strong> <\/span>El portavoz de la Canciller\u00eda de Ir\u00e1n, Nasser Kanaani, exigi\u00f3 a la comunidad internacional y las organizaciones mundiales a actuar para poner coto a la guerra genocida que comete la entidad sionista contra el pueblo indefenso de Palestina.<\/p>\n<p style=\"text-align: justify\">Esta postura del alto funcionario iran\u00ed tuvo lugar durante un seminario que coincidi\u00f3 con el D\u00eda Internacional de Conmemoraci\u00f3n y Homenaje a las V\u00edctimas del Terrorismo.<\/p>\n<p style=\"text-align: justify\">Kanaani critic\u00f3 que pa\u00edses como EE. UU. y Reino Unido alegan ser defensores de los derechos humanos, mientras que siguen brindado apoyo financiero y armament\u00edstico a la m\u00e1s peligrosa entidad terrorista del mundo que asesina a ni\u00f1os y mujeres a diario en la tierra sagrada de Palestina.<\/p>\n<p style=\"text-align: justify\">El vocero iran\u00ed fustig\u00f3 que la administraci\u00f3n estadounidense que pretende luchar contra el terrorismo respalda abiertamente el terrorismo de Estado del r\u00e9gimen israel\u00ed en el territorio palestino.<\/p>\n<p style=\"text-align: justify\">Denunci\u00f3 la inacci\u00f3n de la comunidad internacional que sigue haciendo la vista gorda a las salvajadas que perpetra la entidad ocupante desde hace m\u00e1s de 80 a\u00f1os.<\/p>\n<p style=\"text-align: justify\">la<\/p>\n","protected":false},"excerpt":{"rendered":"<p>Teher\u00e1n, 21 ago (SANA) El portavoz de la Canciller\u00eda de Ir\u00e1n, Nasser Kanaani, exigi\u00f3 a la comunidad internacional y las organizaciones mundiales a actuar para poner coto a la guerra genocida que comete la entidad sionista contra el pueblo indefenso de Palestina. Esta postura del alto funcionario iran\u00ed tuvo lugar durante un seminario que coincidi\u00f3 &hellip;<\/p>\n","protected":false},"author":24,"featured_media":336418,"comment_status":"closed","ping_status":"closed","sticky":false,"template":"","format":"standard","meta":{"footnotes":""},"categories":[597,456,20724,7541],"tags":[],"class_list":["post-336417","post","type-post","status-publish","format-standard","has-post-thumbnail","","category-cinta-de-noticias","category-arabe-internacional-politica","category-minuto-a-minuto","category-ultimas-noticias"],"_links":{"self":[{"href":"https:\/\/archive.sana.sy\/es\/index.php?rest_route=\/wp\/v2\/posts\/336417"}],"collection":[{"href":"https:\/\/archive.sana.sy\/es\/index.php?rest_route=\/wp\/v2\/posts"}],"about":[{"href":"https:\/\/archive.sana.sy\/es\/index.php?rest_route=\/wp\/v2\/types\/post"}],"author":[{"embeddable":true,"href":"https:\/\/archive.sana.sy\/es\/index.php?rest_route=\/wp\/v2\/users\/24"}],"replies":[{"embeddable":true,"href":"https:\/\/archive.sana.sy\/es\/index.php?rest_route=%2Fwp%2Fv2%2Fcomments&post=336417"}],"version-history":[{"count":3,"href":"https:\/\/archive.sana.sy\/es\/index.php?rest_route=\/wp\/v2\/posts\/336417\/revisions"}],"predecessor-version":[{"id":336421,"href":"https:\/\/archive.sana.sy\/es\/index.php?rest_route=\/wp\/v2\/posts\/336417\/revisions\/336421"}],"wp:featuredmedia":[{"embeddable":true,"href":"https:\/\/archive.sana.sy\/es\/index.php?rest_route=\/wp\/v2\/media\/336418"}],"wp:attachment":[{"href":"https:\/\/archive.sana.sy\/es\/index.php?rest_route=%2Fwp%2Fv2%2Fmedia&parent=336417"}],"wp:term":[{"taxonomy":"category","embeddable":true,"href":"https:\/\/archive.sana.sy\/es\/index.php?rest_route=%2Fwp%2Fv2%2Fcategories&post=336417"},{"taxonomy":"post_tag","embeddable":true,"href":"https:\/\/archive.sana.sy\/es\/index.php?rest_route=%2Fwp%2Fv2%2Ftags&post=336417"}],"curies":[{"name":"wp","href":"https:\/\/api.w.org\/{rel}","templated":true}]}}