{"id":336429,"date":"2024-08-21T18:15:44","date_gmt":"2024-08-21T15:15:44","guid":{"rendered":"https:\/\/sana.sy\/es\/?p=336429"},"modified":"2024-08-21T20:17:11","modified_gmt":"2024-08-21T17:17:11","slug":"cuba-reitera-su-condena-al-exterminio-que-practica-israel-contra-el-pueblo-de-gaza","status":"publish","type":"post","link":"https:\/\/archive.sana.sy\/es\/?p=336429","title":{"rendered":"Cuba reitera su condena al exterminio que practica \u201cIsrael\u201d contra el pueblo de Gaza"},"content":{"rendered":"<p style=\"text-align: justify\"><span style=\"color: #800000\"><strong>La Habana, 21 ago (SANA)<\/strong><\/span> Cuba reiter\u00f3 su firme postura contra los continuos genocidios y masacres que comete \u201cIsrael\u201d contra el indefenso pueblo de Gaza.<\/p>\n<p style=\"text-align: justify\">En este contexto, el canciller cubano, Bruno Rodr\u00edguez denunci\u00f3 en su cuenta X que \u201cIsrael ha asesinado al menos 16.480 ni\u00f1os palestinos en Gaza desde octubre 2023, prueba de sus actos de exterminio del pueblo de Palestina.\u201d<\/p>\n<p style=\"text-align: justify\">Expres\u00f3 la en\u00e9rgica condena de su pa\u00eds a los continuos ataques israel\u00edes contra los hospitales, escuelas y centros de refugiados de Gaza, que constituyen una flagrante violaci\u00f3n del Derecho Internacional Humanitario.<\/p>\n<p style=\"text-align: justify\">la<\/p>\n","protected":false},"excerpt":{"rendered":"<p>La Habana, 21 ago (SANA) Cuba reiter\u00f3 su firme postura contra los continuos genocidios y masacres que comete \u201cIsrael\u201d contra el indefenso pueblo de Gaza. En este contexto, el canciller cubano, Bruno Rodr\u00edguez denunci\u00f3 en su cuenta X que \u201cIsrael ha asesinado al menos 16.480 ni\u00f1os palestinos en Gaza desde octubre 2023, prueba de sus &hellip;<\/p>\n","protected":false},"author":24,"featured_media":336430,"comment_status":"closed","ping_status":"closed","sticky":false,"template":"","format":"standard","meta":{"footnotes":""},"categories":[597,456,20724,7541],"tags":[],"class_list":["post-336429","post","type-post","status-publish","format-standard","has-post-thumbnail","","category-cinta-de-noticias","category-arabe-internacional-politica","category-minuto-a-minuto","category-ultimas-noticias"],"_links":{"self":[{"href":"https:\/\/archive.sana.sy\/es\/index.php?rest_route=\/wp\/v2\/posts\/336429"}],"collection":[{"href":"https:\/\/archive.sana.sy\/es\/index.php?rest_route=\/wp\/v2\/posts"}],"about":[{"href":"https:\/\/archive.sana.sy\/es\/index.php?rest_route=\/wp\/v2\/types\/post"}],"author":[{"embeddable":true,"href":"https:\/\/archive.sana.sy\/es\/index.php?rest_route=\/wp\/v2\/users\/24"}],"replies":[{"embeddable":true,"href":"https:\/\/archive.sana.sy\/es\/index.php?rest_route=%2Fwp%2Fv2%2Fcomments&post=336429"}],"version-history":[{"count":2,"href":"https:\/\/archive.sana.sy\/es\/index.php?rest_route=\/wp\/v2\/posts\/336429\/revisions"}],"predecessor-version":[{"id":336432,"href":"https:\/\/archive.sana.sy\/es\/index.php?rest_route=\/wp\/v2\/posts\/336429\/revisions\/336432"}],"wp:featuredmedia":[{"embeddable":true,"href":"https:\/\/archive.sana.sy\/es\/index.php?rest_route=\/wp\/v2\/media\/336430"}],"wp:attachment":[{"href":"https:\/\/archive.sana.sy\/es\/index.php?rest_route=%2Fwp%2Fv2%2Fmedia&parent=336429"}],"wp:term":[{"taxonomy":"category","embeddable":true,"href":"https:\/\/archive.sana.sy\/es\/index.php?rest_route=%2Fwp%2Fv2%2Fcategories&post=336429"},{"taxonomy":"post_tag","embeddable":true,"href":"https:\/\/archive.sana.sy\/es\/index.php?rest_route=%2Fwp%2Fv2%2Ftags&post=336429"}],"curies":[{"name":"wp","href":"https:\/\/api.w.org\/{rel}","templated":true}]}}