{"id":336435,"date":"2024-08-22T05:25:09","date_gmt":"2024-08-22T02:25:09","guid":{"rendered":"https:\/\/sana.sy\/es\/?p=336435"},"modified":"2024-08-22T05:25:30","modified_gmt":"2024-08-22T02:25:30","slug":"el-uss-abraham-lincoln-y-un-escuadron-de-destructores-de-eeuu-llegan-a-oriente-medio","status":"publish","type":"post","link":"https:\/\/archive.sana.sy\/es\/?p=336435","title":{"rendered":"El USS Abraham Lincoln y un escuadr\u00f3n de destructores de EEUU llegan a Oriente Medio"},"content":{"rendered":"<p style=\"text-align: justify;\"><span style=\"color: #800000;\"><strong>Washington, 22 ago (SANA)<\/strong> <\/span>El Mando Central de Estados Unidos (CENTCOM) anunci\u00f3 hoy que el portaviones estadounidense de propulsi\u00f3n nuclear USS Abraham Lincoln lleg\u00f3, junto con los destructores que lo escoltan, a Oriente Medio.<\/p>\n<p style=\"text-align: justify;\">&#8220;El USS Abraham Lincoln (CVN 72), equipado con cazas F-35C y F\/A-18 Block III, entr\u00f3 en la zona de responsabilidad del Mando Central de EE.UU.&#8221;, escribi\u00f3 el CENTCOM en X, y a\u00f1adi\u00f3 que el buque est\u00e1 acompa\u00f1ado por el Escuadr\u00f3n de Destructores (DESRON) 21 y el Ala A\u00e9rea Embarcada (CVW) 9.<\/p>\n<p style=\"text-align: justify;\">El secretario de Defensa de EE.UU., Lloyd Austin, hab\u00eda ordenado el despliegue en la zona del USS Abraham Lincoln, as\u00ed como del submarino nuclear USS Georgia, tras hablar con el ministro de Defensa israel\u00ed, Yoav Galant.<\/p>\n<p style=\"text-align: justify;\">Austin reiter\u00f3 el compromiso de Estados Unidos de defender a &#8220;Israel&#8221;, este \u00faltimo est\u00e1 cometiendo un genocidio en la Franja de Gaza.<\/p>\n<p>fm<\/p>\n","protected":false},"excerpt":{"rendered":"<p>Washington, 22 ago (SANA) El Mando Central de Estados Unidos (CENTCOM) anunci\u00f3 hoy que el portaviones estadounidense de propulsi\u00f3n nuclear USS Abraham Lincoln lleg\u00f3, junto con los destructores que lo escoltan, a Oriente Medio. &#8220;El USS Abraham Lincoln (CVN 72), equipado con cazas F-35C y F\/A-18 Block III, entr\u00f3 en la zona de responsabilidad del &hellip;<\/p>\n","protected":false},"author":34,"featured_media":336436,"comment_status":"closed","ping_status":"closed","sticky":false,"template":"","format":"standard","meta":{"footnotes":""},"categories":[597,456,20724,7541],"tags":[],"class_list":["post-336435","post","type-post","status-publish","format-standard","has-post-thumbnail","","category-cinta-de-noticias","category-arabe-internacional-politica","category-minuto-a-minuto","category-ultimas-noticias"],"_links":{"self":[{"href":"https:\/\/archive.sana.sy\/es\/index.php?rest_route=\/wp\/v2\/posts\/336435"}],"collection":[{"href":"https:\/\/archive.sana.sy\/es\/index.php?rest_route=\/wp\/v2\/posts"}],"about":[{"href":"https:\/\/archive.sana.sy\/es\/index.php?rest_route=\/wp\/v2\/types\/post"}],"author":[{"embeddable":true,"href":"https:\/\/archive.sana.sy\/es\/index.php?rest_route=\/wp\/v2\/users\/34"}],"replies":[{"embeddable":true,"href":"https:\/\/archive.sana.sy\/es\/index.php?rest_route=%2Fwp%2Fv2%2Fcomments&post=336435"}],"version-history":[{"count":2,"href":"https:\/\/archive.sana.sy\/es\/index.php?rest_route=\/wp\/v2\/posts\/336435\/revisions"}],"predecessor-version":[{"id":336438,"href":"https:\/\/archive.sana.sy\/es\/index.php?rest_route=\/wp\/v2\/posts\/336435\/revisions\/336438"}],"wp:featuredmedia":[{"embeddable":true,"href":"https:\/\/archive.sana.sy\/es\/index.php?rest_route=\/wp\/v2\/media\/336436"}],"wp:attachment":[{"href":"https:\/\/archive.sana.sy\/es\/index.php?rest_route=%2Fwp%2Fv2%2Fmedia&parent=336435"}],"wp:term":[{"taxonomy":"category","embeddable":true,"href":"https:\/\/archive.sana.sy\/es\/index.php?rest_route=%2Fwp%2Fv2%2Fcategories&post=336435"},{"taxonomy":"post_tag","embeddable":true,"href":"https:\/\/archive.sana.sy\/es\/index.php?rest_route=%2Fwp%2Fv2%2Ftags&post=336435"}],"curies":[{"name":"wp","href":"https:\/\/api.w.org\/{rel}","templated":true}]}}