{"id":336439,"date":"2024-08-22T05:50:42","date_gmt":"2024-08-22T02:50:42","guid":{"rendered":"https:\/\/sana.sy\/es\/?p=336439"},"modified":"2024-08-22T05:51:10","modified_gmt":"2024-08-22T02:51:10","slug":"suman-170-los-periodistas-palestinos-asesinados-por-israel-en-gaza","status":"publish","type":"post","link":"https:\/\/archive.sana.sy\/es\/?p=336439","title":{"rendered":"Suman 170 los periodistas palestinos asesinados por &#8220;Israel&#8221; en Gaza"},"content":{"rendered":"<p style=\"text-align: justify;\"><span style=\"color: #800000;\"><strong>Jerusal\u00e9n ocupada, 22 ago (SANA)\u00a0 \u00a0<\/strong><\/span>La Oficina de Prensa en la Franja de Gaza inform\u00f3 hoy que el n\u00famero de periodistas asesinados por \u201cIsrael\u201d aument\u00f3 a 170 desde el inicio de la guerra, tras el fallecimiento del periodista Hamza Murtaja, en un bombardeo contra la escuela Mustafa Hafez, al oeste de Ciudad de Gaza.<\/p>\n<p style=\"text-align: justify;\">La muerte de Murtaja ocurre un d\u00eda despu\u00e9s del martirio del periodista palestino Ibrahim Muhareb cerca de la ciudad de Hamad, al noroeste de la ciudad de Khan Yunis.<\/p>\n<p style=\"text-align: justify;\">El pasado mes de mayo, la Organizaci\u00f3n de las Naciones Unidas para la Educaci\u00f3n, la Ciencia y la Cultura (UNESCO) anunci\u00f3 que hab\u00eda concedido su Premio Mundial de la Libertad de Prensa a todos los periodistas palestinos que cubren la agresi\u00f3n israel\u00ed a Gaza.<\/p>\n<p style=\"text-align: justify;\">Por otro lado, un comunicado del Club de Prisioneros Palestinos afirm\u00f3 que el n\u00famero de arrestos entre periodistas, despu\u00e9s del 7 de octubre pasado, ascendi\u00f3 a 91 periodistas, entre ellos 6 mujeres.<\/p>\n<p style=\"text-align: justify;\">Seg\u00fan el comunicado, el ocupante mantiene detenidos a 53 periodistas, incluidos 17 bajo el t\u00edtulo de detenci\u00f3n administrativa.<\/p>\n<p style=\"text-align: justify;\">fm<\/p>\n","protected":false},"excerpt":{"rendered":"<p>Jerusal\u00e9n ocupada, 22 ago (SANA)\u00a0 \u00a0La Oficina de Prensa en la Franja de Gaza inform\u00f3 hoy que el n\u00famero de periodistas asesinados por \u201cIsrael\u201d aument\u00f3 a 170 desde el inicio de la guerra, tras el fallecimiento del periodista Hamza Murtaja, en un bombardeo contra la escuela Mustafa Hafez, al oeste de Ciudad de Gaza. La &hellip;<\/p>\n","protected":false},"author":34,"featured_media":336440,"comment_status":"closed","ping_status":"closed","sticky":false,"template":"","format":"standard","meta":{"footnotes":""},"categories":[597,456,20724,583],"tags":[],"class_list":["post-336439","post","type-post","status-publish","format-standard","has-post-thumbnail","","category-cinta-de-noticias","category-arabe-internacional-politica","category-minuto-a-minuto","category-slide"],"_links":{"self":[{"href":"https:\/\/archive.sana.sy\/es\/index.php?rest_route=\/wp\/v2\/posts\/336439"}],"collection":[{"href":"https:\/\/archive.sana.sy\/es\/index.php?rest_route=\/wp\/v2\/posts"}],"about":[{"href":"https:\/\/archive.sana.sy\/es\/index.php?rest_route=\/wp\/v2\/types\/post"}],"author":[{"embeddable":true,"href":"https:\/\/archive.sana.sy\/es\/index.php?rest_route=\/wp\/v2\/users\/34"}],"replies":[{"embeddable":true,"href":"https:\/\/archive.sana.sy\/es\/index.php?rest_route=%2Fwp%2Fv2%2Fcomments&post=336439"}],"version-history":[{"count":2,"href":"https:\/\/archive.sana.sy\/es\/index.php?rest_route=\/wp\/v2\/posts\/336439\/revisions"}],"predecessor-version":[{"id":336442,"href":"https:\/\/archive.sana.sy\/es\/index.php?rest_route=\/wp\/v2\/posts\/336439\/revisions\/336442"}],"wp:featuredmedia":[{"embeddable":true,"href":"https:\/\/archive.sana.sy\/es\/index.php?rest_route=\/wp\/v2\/media\/336440"}],"wp:attachment":[{"href":"https:\/\/archive.sana.sy\/es\/index.php?rest_route=%2Fwp%2Fv2%2Fmedia&parent=336439"}],"wp:term":[{"taxonomy":"category","embeddable":true,"href":"https:\/\/archive.sana.sy\/es\/index.php?rest_route=%2Fwp%2Fv2%2Fcategories&post=336439"},{"taxonomy":"post_tag","embeddable":true,"href":"https:\/\/archive.sana.sy\/es\/index.php?rest_route=%2Fwp%2Fv2%2Ftags&post=336439"}],"curies":[{"name":"wp","href":"https:\/\/api.w.org\/{rel}","templated":true}]}}