{"id":336476,"date":"2024-08-22T16:37:30","date_gmt":"2024-08-22T13:37:30","guid":{"rendered":"https:\/\/sana.sy\/es\/?p=336476"},"modified":"2024-08-22T16:37:30","modified_gmt":"2024-08-22T13:37:30","slug":"fuerzas-rusas-eliminan-a-300-militantes-ucranianos-y-les-destruyen-su-equipo-en-kursk","status":"publish","type":"post","link":"https:\/\/archive.sana.sy\/es\/?p=336476","title":{"rendered":"Fuerzas rusas eliminan a 300 militantes ucranianos y les destruyen su equipo en Kursk"},"content":{"rendered":"<p style=\"text-align: justify;\"><span style=\"color: #800000;\"><strong>Mosc\u00fa, 22 ago (SANA)<\/strong><\/span> El Ministerio de Defensa de Rusia anunci\u00f3 hoy que sus fuerzas eliminaron a unos 300 militantes ucranianos, adem\u00e1s de destruir 23 veh\u00edculos blindados, incluidos 3 tanques, y 20 veh\u00edculos de combate durante las operaciones que tuvieron lugar el \u00faltimo d\u00eda en la provincia de Kursk.<\/p>\n<p style=\"text-align: justify;\">\u201cLas fuerzas rusas atacaron el personal y equipo militar ucranianos en 13 \u00e1reas de la provincia de Sumy y continuaron las operaciones de reconocimiento e investigaci\u00f3n para identificar y destruir grupos de sabotaje hostiles en los bosques que intentaban penetrar profundamente en el territorio ruso\u201d, declar\u00f3 la referida entidad castrense en un comunicado.<\/p>\n<p style=\"text-align: justify;\">Asimismo, indic\u00f3 que el ej\u00e9rcito ruso detect\u00f3 a un grupo ucraniano de sabotaje y reconocimiento a un kil\u00f3metro al suroeste de la aldea de Skrylevka y le dirigi\u00f3 varios ataques que causaron la devastaci\u00f3n de dos veh\u00edculos blindados enemigos, adem\u00e1s de la liquidaci\u00f3n de 7 soldados mientras otro militar fue capturado.<\/p>\n<p>ahs\/sm<\/p>\n","protected":false},"excerpt":{"rendered":"<p>Mosc\u00fa, 22 ago (SANA) El Ministerio de Defensa de Rusia anunci\u00f3 hoy que sus fuerzas eliminaron a unos 300 militantes ucranianos, adem\u00e1s de destruir 23 veh\u00edculos blindados, incluidos 3 tanques, y 20 veh\u00edculos de combate durante las operaciones que tuvieron lugar el \u00faltimo d\u00eda en la provincia de Kursk. \u201cLas fuerzas rusas atacaron el personal &hellip;<\/p>\n","protected":false},"author":43,"featured_media":336477,"comment_status":"closed","ping_status":"closed","sticky":false,"template":"","format":"standard","meta":{"footnotes":""},"categories":[597,456,16687,20724,7541],"tags":[],"class_list":["post-336476","post","type-post","status-publish","format-standard","has-post-thumbnail","","category-cinta-de-noticias","category-arabe-internacional-politica","category-internacionales","category-minuto-a-minuto","category-ultimas-noticias"],"_links":{"self":[{"href":"https:\/\/archive.sana.sy\/es\/index.php?rest_route=\/wp\/v2\/posts\/336476"}],"collection":[{"href":"https:\/\/archive.sana.sy\/es\/index.php?rest_route=\/wp\/v2\/posts"}],"about":[{"href":"https:\/\/archive.sana.sy\/es\/index.php?rest_route=\/wp\/v2\/types\/post"}],"author":[{"embeddable":true,"href":"https:\/\/archive.sana.sy\/es\/index.php?rest_route=\/wp\/v2\/users\/43"}],"replies":[{"embeddable":true,"href":"https:\/\/archive.sana.sy\/es\/index.php?rest_route=%2Fwp%2Fv2%2Fcomments&post=336476"}],"version-history":[{"count":1,"href":"https:\/\/archive.sana.sy\/es\/index.php?rest_route=\/wp\/v2\/posts\/336476\/revisions"}],"predecessor-version":[{"id":336478,"href":"https:\/\/archive.sana.sy\/es\/index.php?rest_route=\/wp\/v2\/posts\/336476\/revisions\/336478"}],"wp:featuredmedia":[{"embeddable":true,"href":"https:\/\/archive.sana.sy\/es\/index.php?rest_route=\/wp\/v2\/media\/336477"}],"wp:attachment":[{"href":"https:\/\/archive.sana.sy\/es\/index.php?rest_route=%2Fwp%2Fv2%2Fmedia&parent=336476"}],"wp:term":[{"taxonomy":"category","embeddable":true,"href":"https:\/\/archive.sana.sy\/es\/index.php?rest_route=%2Fwp%2Fv2%2Fcategories&post=336476"},{"taxonomy":"post_tag","embeddable":true,"href":"https:\/\/archive.sana.sy\/es\/index.php?rest_route=%2Fwp%2Fv2%2Ftags&post=336476"}],"curies":[{"name":"wp","href":"https:\/\/api.w.org\/{rel}","templated":true}]}}